{"id":60592,"date":"2023-10-04T16:01:43","date_gmt":"2023-10-04T21:01:43","guid":{"rendered":"http:\/\/www.zonaroja.com.mx\/?p=60592"},"modified":"2023-10-04T16:01:45","modified_gmt":"2023-10-04T21:01:45","slug":"juchitan-y-pochutla-municipios-morenistas-tambien-con-alta-criminalidad","status":"publish","type":"post","link":"https:\/\/zonaroja.com.mx\/?p=60592","title":{"rendered":"Juchit\u00e1n y Pochutla, municipios morenistas, tambi\u00e9n con alta criminalidad\u00a0"},"content":{"rendered":"\n<p>Ismael Garc\u00eda M.\/Zona Roja.&nbsp;<\/p>\n\n\n\n<p>Oaxaca de Ju\u00e1rez, Oax., a 4 de octubre de 2023.- Adem\u00e1s de Tehuantepec y Salina Cruz, en los municipios morenistas de Juchit\u00e1n de Zaragoza y San Pedro Pochutla la criminalidad ha detonado tambi\u00e9n de manera exponencial.&nbsp;<\/p>\n\n\n\n<p>Esta ma\u00f1ana, en Juchit\u00e1n un individuo fue asesinado a balazos y su cuerpo tirado en un camino de terracer\u00eda hacia el paraje \u201cCuatro Milpas\u201d, de la agencia La Ventosa.<\/p>\n\n\n\n<p>La v\u00edctima fue identificada como Angelino T. P., de 36 a\u00f1os de edad, quien presenta varios impactos de arma de fuego; el cad\u00e1ver fue retirado por los familiares, antes de la llegada del personal ministerial.<\/p>\n\n\n\n<p>Los polic\u00edas municipales \u00fanicamente llegaron a acordonar la escena del crimen y no hay reportes de la autoridad local acerca de operativos de b\u00fasqueda.&nbsp;<\/p>\n\n\n\n<p>El presidente de Juchit\u00e1n es Miguel S\u00e1nchez Altamirano, quien supli\u00f3 a Emilio Montero P\u00e9rez, actual director general del Instituto Estatal de Educaci\u00f3n P\u00fablica de Oaxaca.&nbsp;<\/p>\n\n\n\n<p>EN POCHUTLA<\/p>\n\n\n\n<p>Por otra parte, anoche cerca de las 20:00 horas, un individuo fue atacado con machete y el cuerpo qued\u00f3 desmembrado.<\/p>\n\n\n\n<p>El cad\u00e1ver fue localizado en un terreno ubicado en la calle Revoluci\u00f3n de la colonia San Francisco, Segunda Secci\u00f3n.&nbsp;<\/p>\n\n\n\n<p>Los polic\u00edas confirmaron que el cuerpo estaba cortado en varias partes y regado en el predio; a\u00fan no ha sido identificada la v\u00edctima.<\/p>\n\n\n\n<p>Asimismo, que lograron detener a un probable responsable del homicidio quien dijo llamarse Luis P. C., de 42 a\u00f1os de edad.&nbsp;<\/p>\n\n\n\n<p>Pochutla es gobernado actualmente por Roberto Antonio Cabrera Garc\u00eda, quien sustituy\u00f3 a Minerva P\u00e9rez Garc\u00eda, que a su vez hab\u00eda tomado el cargo de Saymi Pineda Velasco, actual secretaria de Turismo del gobierno estatal.&nbsp;<\/p>\n","protected":false},"excerpt":{"rendered":"<p>Ismael Garc\u00eda M.\/Zona Roja.&nbsp; Oaxaca de Ju\u00e1rez, Oax., a 4 de octubre de 2023.- Adem\u00e1s&hellip;<\/p>\n","protected":false},"author":2,"featured_media":60593,"comment_status":"closed","ping_status":"open","sticky":false,"template":"","format":"standard","meta":{"_lmt_disableupdate":"","_lmt_disable":"","_jetpack_memberships_contains_paid_content":false,"footnotes":""},"categories":[1],"tags":[123,151],"class_list":["post-60592","post","type-post","status-publish","format-standard","has-post-thumbnail","hentry","category-sin-categoria","tag-juchitan-de-zaragoza","tag-san-pedro-pochutla"],"jetpack_featured_media_url":"https:\/\/zonaroja.com.mx\/wp-content\/uploads\/2023\/10\/Ejecutado-La-Ventosa-Juchitan.jpg","jetpack_sharing_enabled":true,"_links":{"self":[{"href":"https:\/\/zonaroja.com.mx\/index.php?rest_route=\/wp\/v2\/posts\/60592","targetHints":{"allow":["GET"]}}],"collection":[{"href":"https:\/\/zonaroja.com.mx\/index.php?rest_route=\/wp\/v2\/posts"}],"about":[{"href":"https:\/\/zonaroja.com.mx\/index.php?rest_route=\/wp\/v2\/types\/post"}],"author":[{"embeddable":true,"href":"https:\/\/zonaroja.com.mx\/index.php?rest_route=\/wp\/v2\/users\/2"}],"replies":[{"embeddable":true,"href":"https:\/\/zonaroja.com.mx\/index.php?rest_route=%2Fwp%2Fv2%2Fcomments&post=60592"}],"version-history":[{"count":1,"href":"https:\/\/zonaroja.com.mx\/index.php?rest_route=\/wp\/v2\/posts\/60592\/revisions"}],"predecessor-version":[{"id":60594,"href":"https:\/\/zonaroja.com.mx\/index.php?rest_route=\/wp\/v2\/posts\/60592\/revisions\/60594"}],"wp:featuredmedia":[{"embeddable":true,"href":"https:\/\/zonaroja.com.mx\/index.php?rest_route=\/wp\/v2\/media\/60593"}],"wp:attachment":[{"href":"https:\/\/zonaroja.com.mx\/index.php?rest_route=%2Fwp%2Fv2%2Fmedia&parent=60592"}],"wp:term":[{"taxonomy":"category","embeddable":true,"href":"https:\/\/zonaroja.com.mx\/index.php?rest_route=%2Fwp%2Fv2%2Fcategories&post=60592"},{"taxonomy":"post_tag","embeddable":true,"href":"https:\/\/zonaroja.com.mx\/index.php?rest_route=%2Fwp%2Fv2%2Ftags&post=60592"}],"curies":[{"name":"wp","href":"https:\/\/api.w.org\/{rel}","templated":true}]}}