{"id":60600,"date":"2023-10-04T21:24:52","date_gmt":"2023-10-05T02:24:52","guid":{"rendered":"http:\/\/www.zonaroja.com.mx\/?p=60600"},"modified":"2023-10-04T21:24:57","modified_gmt":"2023-10-05T02:24:57","slug":"el-ieepo-vuelve-a-enganar-a-becarios-indigenas-y-se-niega-a-pagar","status":"publish","type":"post","link":"https:\/\/zonaroja.com.mx\/?p=60600","title":{"rendered":"El IEEPO vuelve a enga\u00f1ar a becarios ind\u00edgenas y se niega a pagar"},"content":{"rendered":"\n<p>Ismael Garc\u00eda M.\/Zona Roja.<\/p>\n\n\n\n<p>Oaxaca de Ju\u00e1rez, Oax., a 4 de octubre de 2023.- El director del Instituto Estatal de Educaci\u00f3n P\u00fablica de Oaxaca (IEEPO), Emilio Montero P\u00e9rez, volvi\u00f3 a enga\u00f1ar a becarios que imparten ense\u00f1anza en comunidades ind\u00edgenas y se niega a pagarles los apoyos.<\/p>\n\n\n\n<p>As\u00ed lo denunci\u00f3 un grupo de los afectados, respaldado por la Secci\u00f3n 22 del Sindicato Nacional de Trabajadores de la Educaci\u00f3n, luego de apoderarse esta ma\u00f1ana de la sede de la Pagadur\u00eda del Instituto, en la agencia de San Felipe del Agua.<\/p>\n\n\n\n<p>\u201cEl IEEPO nos cit\u00f3 para hacer nuestros pagos, pero debido a las irregularidades en la manera que nos convocaron de un d\u00eda para otro, estamos en desacuerdo y descontento por el trato que nos han dado desde que entramos a este proyecto.<\/p>\n\n\n\n<p>\u201cNos llega la informaci\u00f3n que no nos van a pagar los meses que nos adeudan, por eso se acord\u00f3 en \u2018tomar\u2019 la Pagadur\u00eda, para exigir que se nos pague, y llegar a una mesa de conciliaci\u00f3n; que se respete el acuerdo del 30 de mayo, donde estuvo el titular Emilio Montero, y hasta el momento no ha habido resultado\u201d, dijo uno de los representantes.<\/p>\n\n\n\n<p>Entre otras demandas, plante\u00f3 que se les deben 12 meses de pago de becas; que se incremente de cuatro mil 500 a seis mil 500 pesos al mes; que se les d\u00e9 la certeza laboral de la contrataci\u00f3n; se comprometieron a apoyar el gasto de estudios y no lo han hecho.<\/p>\n\n\n\n<p>Adem\u00e1s, demandan seguro de gastos m\u00e9dicos y un trato de respeto hacia los becarios, \u201cporque hasta el momento nos han intimidado, nos han agredido verbalmente\u201d, dijo, en presencia del profesor Crisp\u00edn Hern\u00e1ndez, titular de la Comisi\u00f3n de Pagos de la Secci\u00f3n 22.<\/p>\n\n\n\n<figure class=\"wp-block-embed\"><div class=\"wp-block-embed__wrapper\">\nhttps:\/\/x.com\/ZonaRoja_Oaxaca\/status\/1709609877306294494?s=20\n<\/div><\/figure>\n\n\n\n<p>S\u00cd HAY ATENCI\u00d3N<\/p>\n\n\n\n<p>Por su parte, en un comunicado, el Gobierno del Estado inform\u00f3 que el director general del Instituto Estatal de Educaci\u00f3n P\u00fablica de Oaxaca (IEEPO), Emilio Montero P\u00e9rez, se reuni\u00f3 con j\u00f3venes que pertenecen a la Estrategia Nacional de Iniciaci\u00f3n a la Docencia en el Medio Ind\u00edgena, (ENIDMI), \u201cquienes anteriormente se manifestaron de manera pac\u00edfica en las instalaciones de Pagadur\u00eda ubicada en la agencia municipal de San Felipe del Agua\u201d.<\/p>\n\n\n\n<p>Les aclar\u00f3 el tema correspondiente a la falta de pago de la beca de agosto, \u201cque por el momento no se cubre debido a que es considerado mes de receso escolar\u201d.<\/p>\n\n\n\n<p>El Director General del IEEPO les reiter\u00f3 que en la actual administraci\u00f3n se han creado rutas de atenci\u00f3n y acompa\u00f1amiento para dar respuesta a las diferentes demandas del magisterio y en este caso coadyuvar, desde el \u00e1mbito de la competencia del Gobierno del Estado, al logro de la certeza laboral y salarial que anhelan.<\/p>\n\n\n\n<p>Puntualiz\u00f3 que las solicitudes de las y los becarios y sus justas demandas son un tema permanente en las mesas de trabajo tripartitas entre el IEEPO, la Secretar\u00eda de Educaci\u00f3n P\u00fablica (SEP) a nivel federal y la dirigencia magisterial, como parte de las peticiones expuestas por la Secci\u00f3n XXII del Sindicato Nacional de Trabajadores de la Educaci\u00f3n (SNTE), y en ning\u00fan momento se han dejado a un lado.<\/p>\n","protected":false},"excerpt":{"rendered":"<p>Ismael Garc\u00eda M.\/Zona Roja. Oaxaca de Ju\u00e1rez, Oax., a 4 de octubre de 2023.- El&hellip;<\/p>\n","protected":false},"author":2,"featured_media":60601,"comment_status":"closed","ping_status":"open","sticky":false,"template":"","format":"standard","meta":{"_lmt_disableupdate":"","_lmt_disable":"","_jetpack_memberships_contains_paid_content":false,"footnotes":""},"categories":[109,46],"tags":[2837],"class_list":["post-60600","post","type-post","status-publish","format-standard","has-post-thumbnail","hentry","category-minuto-a-minuto","category-zona-blanca","tag-instituto-estatal-de-educacion-publica-de-oaxaca-ieepo"],"jetpack_featured_media_url":"https:\/\/zonaroja.com.mx\/wp-content\/uploads\/2023\/10\/Protesta-becarios-IEEPO.jpg","jetpack_sharing_enabled":true,"_links":{"self":[{"href":"https:\/\/zonaroja.com.mx\/index.php?rest_route=\/wp\/v2\/posts\/60600","targetHints":{"allow":["GET"]}}],"collection":[{"href":"https:\/\/zonaroja.com.mx\/index.php?rest_route=\/wp\/v2\/posts"}],"about":[{"href":"https:\/\/zonaroja.com.mx\/index.php?rest_route=\/wp\/v2\/types\/post"}],"author":[{"embeddable":true,"href":"https:\/\/zonaroja.com.mx\/index.php?rest_route=\/wp\/v2\/users\/2"}],"replies":[{"embeddable":true,"href":"https:\/\/zonaroja.com.mx\/index.php?rest_route=%2Fwp%2Fv2%2Fcomments&post=60600"}],"version-history":[{"count":1,"href":"https:\/\/zonaroja.com.mx\/index.php?rest_route=\/wp\/v2\/posts\/60600\/revisions"}],"predecessor-version":[{"id":60602,"href":"https:\/\/zonaroja.com.mx\/index.php?rest_route=\/wp\/v2\/posts\/60600\/revisions\/60602"}],"wp:featuredmedia":[{"embeddable":true,"href":"https:\/\/zonaroja.com.mx\/index.php?rest_route=\/wp\/v2\/media\/60601"}],"wp:attachment":[{"href":"https:\/\/zonaroja.com.mx\/index.php?rest_route=%2Fwp%2Fv2%2Fmedia&parent=60600"}],"wp:term":[{"taxonomy":"category","embeddable":true,"href":"https:\/\/zonaroja.com.mx\/index.php?rest_route=%2Fwp%2Fv2%2Fcategories&post=60600"},{"taxonomy":"post_tag","embeddable":true,"href":"https:\/\/zonaroja.com.mx\/index.php?rest_route=%2Fwp%2Fv2%2Ftags&post=60600"}],"curies":[{"name":"wp","href":"https:\/\/api.w.org\/{rel}","templated":true}]}}