{"id":60603,"date":"2023-10-04T22:31:38","date_gmt":"2023-10-05T03:31:38","guid":{"rendered":"http:\/\/www.zonaroja.com.mx\/?p=60603"},"modified":"2023-10-04T22:31:44","modified_gmt":"2023-10-05T03:31:44","slug":"dictan-nueve-anos-de-prision-a-sujeto-por-agredir-a-su-pareja-e-hijo","status":"publish","type":"post","link":"https:\/\/zonaroja.com.mx\/?p=60603","title":{"rendered":"Dictan nueve a\u00f1os de prisi\u00f3n a sujeto por agredir a su pareja e hijo"},"content":{"rendered":"\n<p>Redacci\u00f3n\/Zona Roja.&nbsp;<\/p>\n\n\n\n<p>Oaxaca de Ju\u00e1rez, Oax., a 4 de octubre de 2023.- La Fiscal\u00eda General del Estado de Oaxaca (FGEO) obtuvo una sentencia condenatoria mayor a nueve a\u00f1os de prisi\u00f3n en contra de O. J. C., por su responsabilidad en la comisi\u00f3n de los delitos de Violencia Familiar y Lesiones en agravio de su concubina e hijo, en hechos ocurridos en la Regi\u00f3n de la Sierra de Flores Mag\u00f3n.<\/p>\n\n\n\n<p>De acuerdo con el expediente penal, las v\u00edctimas se encontraban en su domicilio localizado en la colonia La Ci\u00e9nega, en el municipio de San Juan de los Cu\u00e9s, perteneciente al distrito de Teotitl\u00e1n de Flores Mag\u00f3n, hasta donde lleg\u00f3 el agresor, quien atac\u00f3 a la mujer.<\/p>\n\n\n\n<p>Durante estos hechos, el ahora sentenciado sosten\u00eda un cuchillo y lastim\u00f3 al ni\u00f1o en el ojo, quien result\u00f3 con lesiones por las que termin\u00f3 internado en un hospital, donde recibi\u00f3 atenci\u00f3n m\u00e9dica.<\/p>\n\n\n\n<p>Las v\u00edctimas acudieron ante la FGEO para interponer su denuncia, por la cual se iniciaron las investigaciones que corrieron a cargo de la Vicefiscal\u00eda General de Control Regional, la cual obtuvo una orden de aprehensi\u00f3n que se ejecut\u00f3 en contra de O. J. C.<\/p>\n\n\n\n<p>Tras reunir las pruebas suficientes, la Fiscal\u00eda las present\u00f3 ante el Juez que evalu\u00f3 los resultados de las indagatorias, a partir de lo cual dict\u00f3 sentencia condenatoria de nueve a\u00f1os, cuatro meses y 15 d\u00edas en contra del imputado, adem\u00e1s que impuso una multa adem\u00e1s del pago de la reparaci\u00f3n del da\u00f1o a favor de las v\u00edctimas.<\/p>\n\n\n\n<p>La Fiscal\u00eda de Oaxaca brinda atenci\u00f3n integral a las v\u00edctimas en casos de violencia familiar, principalmente para ni\u00f1as, ni\u00f1os y adolescentes, con el fin de que cuenten con el acompa\u00f1amiento especializado durante el proceso de procuraci\u00f3n de justicia.<\/p>\n","protected":false},"excerpt":{"rendered":"<p>Redacci\u00f3n\/Zona Roja.&nbsp; Oaxaca de Ju\u00e1rez, Oax., a 4 de octubre de 2023.- La Fiscal\u00eda General&hellip;<\/p>\n","protected":false},"author":2,"featured_media":42250,"comment_status":"closed","ping_status":"open","sticky":false,"template":"","format":"standard","meta":{"_lmt_disableupdate":"","_lmt_disable":"","_jetpack_memberships_contains_paid_content":false,"footnotes":""},"categories":[109,46],"tags":[494],"class_list":["post-60603","post","type-post","status-publish","format-standard","has-post-thumbnail","hentry","category-minuto-a-minuto","category-zona-blanca","tag-fiscalia-general-del-estado-de-oaxaca"],"jetpack_featured_media_url":"https:\/\/zonaroja.com.mx\/wp-content\/uploads\/2022\/06\/Tribunal-sentencia-3.jpeg","jetpack_sharing_enabled":true,"_links":{"self":[{"href":"https:\/\/zonaroja.com.mx\/index.php?rest_route=\/wp\/v2\/posts\/60603","targetHints":{"allow":["GET"]}}],"collection":[{"href":"https:\/\/zonaroja.com.mx\/index.php?rest_route=\/wp\/v2\/posts"}],"about":[{"href":"https:\/\/zonaroja.com.mx\/index.php?rest_route=\/wp\/v2\/types\/post"}],"author":[{"embeddable":true,"href":"https:\/\/zonaroja.com.mx\/index.php?rest_route=\/wp\/v2\/users\/2"}],"replies":[{"embeddable":true,"href":"https:\/\/zonaroja.com.mx\/index.php?rest_route=%2Fwp%2Fv2%2Fcomments&post=60603"}],"version-history":[{"count":1,"href":"https:\/\/zonaroja.com.mx\/index.php?rest_route=\/wp\/v2\/posts\/60603\/revisions"}],"predecessor-version":[{"id":60604,"href":"https:\/\/zonaroja.com.mx\/index.php?rest_route=\/wp\/v2\/posts\/60603\/revisions\/60604"}],"wp:featuredmedia":[{"embeddable":true,"href":"https:\/\/zonaroja.com.mx\/index.php?rest_route=\/wp\/v2\/media\/42250"}],"wp:attachment":[{"href":"https:\/\/zonaroja.com.mx\/index.php?rest_route=%2Fwp%2Fv2%2Fmedia&parent=60603"}],"wp:term":[{"taxonomy":"category","embeddable":true,"href":"https:\/\/zonaroja.com.mx\/index.php?rest_route=%2Fwp%2Fv2%2Fcategories&post=60603"},{"taxonomy":"post_tag","embeddable":true,"href":"https:\/\/zonaroja.com.mx\/index.php?rest_route=%2Fwp%2Fv2%2Ftags&post=60603"}],"curies":[{"name":"wp","href":"https:\/\/api.w.org\/{rel}","templated":true}]}}