{"id":60605,"date":"2023-10-04T22:35:05","date_gmt":"2023-10-05T03:35:05","guid":{"rendered":"http:\/\/www.zonaroja.com.mx\/?p=60605"},"modified":"2023-10-04T22:35:08","modified_gmt":"2023-10-05T03:35:08","slug":"cae-directora-de-periodico-digital-por-el-secuestro-de-un-reportero","status":"publish","type":"post","link":"https:\/\/zonaroja.com.mx\/?p=60605","title":{"rendered":"Cae directora de peri\u00f3dico digital por el secuestro de un reportero"},"content":{"rendered":"\n<p>Redacci\u00f3n\/Zona Roja Cdmx.<\/p>\n\n\n\n<p>Ciudad de M\u00e9xico, a 4 de octubre de 2023.- La Procuradur\u00eda General de Justicia del Estado de Hidalgo (PGJEH) confirm\u00f3 la detenci\u00f3n de la directora del peri\u00f3dico digital \u201cVanguardia\u201d, por el presunto secuestro de un hombre, cuando \u00e9ste se desempe\u00f1aba como reportero.<\/p>\n\n\n\n<p>De acuerdo con la dependencia judicial, fue la Unidad Especializada en el Combate al Secuestro (UECS), a trav\u00e9s de la colaboraci\u00f3n solicitada por la Fiscal\u00eda General de Justicia del Estado de Veracruz, quien ejecut\u00f3 en Pachuca de Soto una orden de aprehensi\u00f3n contra I. P. H. V. por secuestro agravado.<\/p>\n\n\n\n<p>La persona imputada, due\u00f1a y directora general del peri\u00f3dico digital denominado \u201cVanguardia\u201d de Veracruz \u201ces investigada por su probable participaci\u00f3n en la comisi\u00f3n de secuestro agravado, cometido en agravio de una persona de sexo masculino, que se desempe\u00f1aba como reportero\u201d.<\/p>\n\n\n\n<p>\u201cLa v\u00edctima fue localizada con vida en Poza Rica, Veracruz, mientras que I. P. H. V. fue puesta a disposici\u00f3n de las autoridades de dicho estado\u201d, detall\u00f3 la dependencia.<\/p>\n\n\n\n<p>(Informaci\u00f3n de \u201cExc\u00e9lsior\u201d)<\/p>\n","protected":false},"excerpt":{"rendered":"<p>Redacci\u00f3n\/Zona Roja Cdmx. Ciudad de M\u00e9xico, a 4 de octubre de 2023.- La Procuradur\u00eda General&hellip;<\/p>\n","protected":false},"author":2,"featured_media":60606,"comment_status":"closed","ping_status":"open","sticky":false,"template":"","format":"standard","meta":{"_lmt_disableupdate":"","_lmt_disable":"","_jetpack_memberships_contains_paid_content":false,"footnotes":""},"categories":[109,47],"tags":[],"class_list":["post-60605","post","type-post","status-publish","format-standard","has-post-thumbnail","hentry","category-minuto-a-minuto","category-zona-gris"],"jetpack_featured_media_url":"https:\/\/zonaroja.com.mx\/wp-content\/uploads\/2023\/10\/Ivohone-Patricia-secuestro-Hidalgo.webp","jetpack_sharing_enabled":true,"_links":{"self":[{"href":"https:\/\/zonaroja.com.mx\/index.php?rest_route=\/wp\/v2\/posts\/60605","targetHints":{"allow":["GET"]}}],"collection":[{"href":"https:\/\/zonaroja.com.mx\/index.php?rest_route=\/wp\/v2\/posts"}],"about":[{"href":"https:\/\/zonaroja.com.mx\/index.php?rest_route=\/wp\/v2\/types\/post"}],"author":[{"embeddable":true,"href":"https:\/\/zonaroja.com.mx\/index.php?rest_route=\/wp\/v2\/users\/2"}],"replies":[{"embeddable":true,"href":"https:\/\/zonaroja.com.mx\/index.php?rest_route=%2Fwp%2Fv2%2Fcomments&post=60605"}],"version-history":[{"count":1,"href":"https:\/\/zonaroja.com.mx\/index.php?rest_route=\/wp\/v2\/posts\/60605\/revisions"}],"predecessor-version":[{"id":60607,"href":"https:\/\/zonaroja.com.mx\/index.php?rest_route=\/wp\/v2\/posts\/60605\/revisions\/60607"}],"wp:featuredmedia":[{"embeddable":true,"href":"https:\/\/zonaroja.com.mx\/index.php?rest_route=\/wp\/v2\/media\/60606"}],"wp:attachment":[{"href":"https:\/\/zonaroja.com.mx\/index.php?rest_route=%2Fwp%2Fv2%2Fmedia&parent=60605"}],"wp:term":[{"taxonomy":"category","embeddable":true,"href":"https:\/\/zonaroja.com.mx\/index.php?rest_route=%2Fwp%2Fv2%2Fcategories&post=60605"},{"taxonomy":"post_tag","embeddable":true,"href":"https:\/\/zonaroja.com.mx\/index.php?rest_route=%2Fwp%2Fv2%2Ftags&post=60605"}],"curies":[{"name":"wp","href":"https:\/\/api.w.org\/{rel}","templated":true}]}}