{"id":60608,"date":"2023-10-05T10:30:00","date_gmt":"2023-10-05T15:30:00","guid":{"rendered":"http:\/\/www.zonaroja.com.mx\/?p=60608"},"modified":"2023-10-04T22:54:27","modified_gmt":"2023-10-05T03:54:27","slug":"con-un-grupo-de-personas-rodeo-casas-y-mataron-a-cinco-lo-vinculan-a-proceso","status":"publish","type":"post","link":"https:\/\/zonaroja.com.mx\/?p=60608","title":{"rendered":"Con un grupo de personas, rode\u00f3 casas y mataron a cinco; lo vinculan a proceso"},"content":{"rendered":"\n<p>Redacci\u00f3n\/Zona Roja.&nbsp;<\/p>\n\n\n\n<p>Oaxaca de Ju\u00e1rez, Oax., a 5 de octubre de 2023.- La Fiscal\u00eda General del Estado de Oaxaca (FGEO) obtuvo auto de vinculaci\u00f3n a proceso en contra de J.Z. o J.A.Z.H., imputado por el delito de homicidio calificado con ventaja, cometido en agravio de cinco hombres identificados como B. M. L., B. M. L., C. M. G., M. M. G. y F. M. L., en hechos ocurridos en la regi\u00f3n de la Sierra Sur.<\/p>\n\n\n\n<p>De acuerdo con la causa penal, el 23 de abril de 2021 un grupo de presuntos habitantes de Santa Mar\u00eda Sola llegaron a la agencia de El Guayabo, perteneciente a Villa Sola de Vega, donde rodearon las casas en las que viv\u00edan las v\u00edctimas y dispararon en su contra, motivo por el cual perdieron la vida cinco personas.<\/p>\n\n\n\n<p>Cuando la FGEO tuvo conocimiento de los hechos, el caso qued\u00f3 a cargo de la Vicefiscal\u00eda General de Control Regional, misma que inici\u00f3 las investigaciones, en las que despleg\u00f3 a un equipo multidisciplinario que proces\u00f3 la escena del crimen, asegurando indicios en el sitio, con el objetivo de colaborar con las investigaciones en torno a este homicidio.<\/p>\n\n\n\n<p>Como resultado de las indagatorias, se establecieron s\u00f3lidas l\u00edneas de investigaci\u00f3n, por las que se libr\u00f3 la orden de aprehensi\u00f3n que fue ejecutada en contra de J.Z. o J.A.Z.H.<\/p>\n\n\n\n<p>El imputado fue puesto a disposici\u00f3n del Juez de Control del Circuito Judicial, con sede en Villa de Sola Vega, quien dict\u00f3 auto de vinculaci\u00f3n a proceso por el delito de homicidio calificado con ventaja, e impuso como medida cautelar la prisi\u00f3n preventiva, otorgando dos meses para el cierre de la investigaci\u00f3n.<\/p>\n\n\n\n<p>El empleo de protocolos de investigaci\u00f3n y la aplicaci\u00f3n de t\u00e9cnicas cient\u00edficas en las investigaciones de cr\u00edmenes, permiten a la Fiscal\u00eda de Oaxaca tener certeza en los trabajos de procuraci\u00f3n de justicia en el estado.<\/p>\n","protected":false},"excerpt":{"rendered":"<p>Redacci\u00f3n\/Zona Roja.&nbsp; Oaxaca de Ju\u00e1rez, Oax., a 5 de octubre de 2023.- La Fiscal\u00eda General&hellip;<\/p>\n","protected":false},"author":2,"featured_media":26433,"comment_status":"closed","ping_status":"open","sticky":false,"template":"","format":"standard","meta":{"_lmt_disableupdate":"","_lmt_disable":"","_jetpack_memberships_contains_paid_content":false,"footnotes":""},"categories":[109,46],"tags":[494],"class_list":["post-60608","post","type-post","status-publish","format-standard","has-post-thumbnail","hentry","category-minuto-a-minuto","category-zona-blanca","tag-fiscalia-general-del-estado-de-oaxaca"],"jetpack_featured_media_url":"https:\/\/zonaroja.com.mx\/wp-content\/uploads\/2021\/04\/Rescatados-Santa-Maria-Sola.jpg","jetpack_sharing_enabled":true,"_links":{"self":[{"href":"https:\/\/zonaroja.com.mx\/index.php?rest_route=\/wp\/v2\/posts\/60608","targetHints":{"allow":["GET"]}}],"collection":[{"href":"https:\/\/zonaroja.com.mx\/index.php?rest_route=\/wp\/v2\/posts"}],"about":[{"href":"https:\/\/zonaroja.com.mx\/index.php?rest_route=\/wp\/v2\/types\/post"}],"author":[{"embeddable":true,"href":"https:\/\/zonaroja.com.mx\/index.php?rest_route=\/wp\/v2\/users\/2"}],"replies":[{"embeddable":true,"href":"https:\/\/zonaroja.com.mx\/index.php?rest_route=%2Fwp%2Fv2%2Fcomments&post=60608"}],"version-history":[{"count":1,"href":"https:\/\/zonaroja.com.mx\/index.php?rest_route=\/wp\/v2\/posts\/60608\/revisions"}],"predecessor-version":[{"id":60609,"href":"https:\/\/zonaroja.com.mx\/index.php?rest_route=\/wp\/v2\/posts\/60608\/revisions\/60609"}],"wp:featuredmedia":[{"embeddable":true,"href":"https:\/\/zonaroja.com.mx\/index.php?rest_route=\/wp\/v2\/media\/26433"}],"wp:attachment":[{"href":"https:\/\/zonaroja.com.mx\/index.php?rest_route=%2Fwp%2Fv2%2Fmedia&parent=60608"}],"wp:term":[{"taxonomy":"category","embeddable":true,"href":"https:\/\/zonaroja.com.mx\/index.php?rest_route=%2Fwp%2Fv2%2Fcategories&post=60608"},{"taxonomy":"post_tag","embeddable":true,"href":"https:\/\/zonaroja.com.mx\/index.php?rest_route=%2Fwp%2Fv2%2Ftags&post=60608"}],"curies":[{"name":"wp","href":"https:\/\/api.w.org\/{rel}","templated":true}]}}