{"id":60610,"date":"2023-10-05T11:54:00","date_gmt":"2023-10-05T16:54:00","guid":{"rendered":"http:\/\/www.zonaroja.com.mx\/?p=60610"},"modified":"2023-10-04T22:57:20","modified_gmt":"2023-10-05T03:57:20","slug":"fortalece-poder-judicial-lazos-academicos-con-abogados-de-la-mixteca","status":"publish","type":"post","link":"https:\/\/zonaroja.com.mx\/?p=60610","title":{"rendered":"Fortalece Poder Judicial\u00a0lazos acad\u00e9micos\u00a0con\u00a0abogados de la Mixteca"},"content":{"rendered":"\n<p>Redacci\u00f3n\/Zona Roja.<\/p>\n\n\n\n<p>Oaxaca de Ju\u00e1rez, Oax., a 5 de octubre de 2023.- Con la finalidad de establecer las bases para llevar a cabo conjuntamente acciones de capacitaci\u00f3n, investigaciones jur\u00eddicas&nbsp;y&nbsp;foros,&nbsp;entre otras,&nbsp;el Poder Judicial del Estado firm\u00f3 convenios de Colaboraci\u00f3n Acad\u00e9mica con&nbsp;las asociaciones civiles Colegio de Abogados y Defensores de la Mixteca y&nbsp;Consejo Ciudadano y Participaci\u00f3n&nbsp;en&nbsp;la misma regi\u00f3n.&nbsp;<\/p>\n\n\n\n<p>El magistrado presidente Eduardo Pinacho S\u00e1nchez&nbsp;formaliz\u00f3 los acuerdos con el director general de ambas agrupaciones, \u00d3scar Osorio Rosas, como parte de los lazos y las&nbsp;sinergias&nbsp;que su administraci\u00f3n&nbsp;construye con la sociedad&nbsp;organizada&nbsp;para&nbsp;impulsar la cultura jur\u00eddica y consolidar&nbsp;la impartici\u00f3n de la justicia.<\/p>\n\n\n\n<p>En&nbsp;su mensaje en&nbsp;el acto protocolario,&nbsp;efectuado en la sede del Poder Judicial, en Reyes Mantec\u00f3n, el&nbsp;titular del Tribunal Superior de Justicia y del Consejo de la Judicatura indic\u00f3 que&nbsp;con&nbsp;esta suma de esfuerzos&nbsp;se construyen los ejes encaminados a fortalecer la formaci\u00f3n profesional de las y los operadores jur\u00eddicos.<\/p>\n\n\n\n<p>\u201cEl derecho de acceso a la justicia depende de&nbsp;la correcta, adecuada, completa e \u00edntegra formaci\u00f3n profesional y capacitaci\u00f3n permanente no solo de quienes formamos parte del Poder Judicial, sino tambi\u00e9n de los abogados y abogadas privados y de instituciones p\u00fablicos, fiscales y polic\u00eda\u201d, puntualiz\u00f3.&nbsp;<\/p>\n\n\n\n<p>En este sentido, se refiri\u00f3 a las acciones emprendidas en su administraci\u00f3n, como la impartici\u00f3n de la maestr\u00eda en Derechos Judicial en conjunto con la Universidad de Perugia, Italia y cuya convocatoria para la segunda generaci\u00f3n se encuentra abierta.<\/p>\n\n\n\n<p>Por su parte, en presencia del director de la Escuela Judicial, H\u00e9ctor Humberto V\u00e1squez Quevedo, de la&nbsp;presidenta del Consejo de Honor y Justicia, Azucena Bravo Osio&nbsp;y agremiados de las asociaciones civiles,&nbsp;el director general Colegio de Abogados y Defensores de la Mixteca y Consejo Ciudadano y Participaci\u00f3n&nbsp;destac\u00f3 la importancia de&nbsp;hacer alianzas&nbsp;en el quehacer del derecho.&nbsp;<\/p>\n\n\n\n<p>Consider\u00f3 que la sociedad civil es el puente de enlace con las instituciones y aliada en las funciones que realizan, por lo que celebr\u00f3 la firma de estos convenios de colaboraci\u00f3n.&nbsp;<\/p>\n","protected":false},"excerpt":{"rendered":"<p>Redacci\u00f3n\/Zona Roja. Oaxaca de Ju\u00e1rez, Oax., a 5 de octubre de 2023.- Con la finalidad&hellip;<\/p>\n","protected":false},"author":2,"featured_media":60611,"comment_status":"closed","ping_status":"open","sticky":false,"template":"","format":"standard","meta":{"_lmt_disableupdate":"","_lmt_disable":"","_jetpack_memberships_contains_paid_content":false,"footnotes":""},"categories":[109,46],"tags":[223],"class_list":["post-60610","post","type-post","status-publish","format-standard","has-post-thumbnail","hentry","category-minuto-a-minuto","category-zona-blanca","tag-poder-judicial-de-oaxaca"],"jetpack_featured_media_url":"https:\/\/zonaroja.com.mx\/wp-content\/uploads\/2023\/10\/Formaliza-PJEO-Convenios-de-Colaboracion-Academia-con-agrupaciones-de-la-Mixteca.jpg","jetpack_sharing_enabled":true,"_links":{"self":[{"href":"https:\/\/zonaroja.com.mx\/index.php?rest_route=\/wp\/v2\/posts\/60610","targetHints":{"allow":["GET"]}}],"collection":[{"href":"https:\/\/zonaroja.com.mx\/index.php?rest_route=\/wp\/v2\/posts"}],"about":[{"href":"https:\/\/zonaroja.com.mx\/index.php?rest_route=\/wp\/v2\/types\/post"}],"author":[{"embeddable":true,"href":"https:\/\/zonaroja.com.mx\/index.php?rest_route=\/wp\/v2\/users\/2"}],"replies":[{"embeddable":true,"href":"https:\/\/zonaroja.com.mx\/index.php?rest_route=%2Fwp%2Fv2%2Fcomments&post=60610"}],"version-history":[{"count":1,"href":"https:\/\/zonaroja.com.mx\/index.php?rest_route=\/wp\/v2\/posts\/60610\/revisions"}],"predecessor-version":[{"id":60612,"href":"https:\/\/zonaroja.com.mx\/index.php?rest_route=\/wp\/v2\/posts\/60610\/revisions\/60612"}],"wp:featuredmedia":[{"embeddable":true,"href":"https:\/\/zonaroja.com.mx\/index.php?rest_route=\/wp\/v2\/media\/60611"}],"wp:attachment":[{"href":"https:\/\/zonaroja.com.mx\/index.php?rest_route=%2Fwp%2Fv2%2Fmedia&parent=60610"}],"wp:term":[{"taxonomy":"category","embeddable":true,"href":"https:\/\/zonaroja.com.mx\/index.php?rest_route=%2Fwp%2Fv2%2Fcategories&post=60610"},{"taxonomy":"post_tag","embeddable":true,"href":"https:\/\/zonaroja.com.mx\/index.php?rest_route=%2Fwp%2Fv2%2Ftags&post=60610"}],"curies":[{"name":"wp","href":"https:\/\/api.w.org\/{rel}","templated":true}]}}