{"id":60615,"date":"2023-10-05T09:30:00","date_gmt":"2023-10-05T14:30:00","guid":{"rendered":"http:\/\/www.zonaroja.com.mx\/?p=60615"},"modified":"2023-10-05T08:32:19","modified_gmt":"2023-10-05T13:32:19","slug":"matan-al-ex-agente-municipal-en-la-region-del-istmo","status":"publish","type":"post","link":"https:\/\/zonaroja.com.mx\/?p=60615","title":{"rendered":"Matan al ex agente municipal en la regi\u00f3n del Istmo"},"content":{"rendered":"\n<p>Redacci\u00f3n\/Zona Roja.<\/p>\n\n\n\n<p>Oaxaca de Ju\u00e1rez, Oax., a 5 de octubre de 2023.- El ex agente municipal de El Conchalito, perteneciente al municipio de San Pedro Tapanatepec, fue asesinado ayer a balazos.<\/p>\n\n\n\n<p>El crimen ocurri\u00f3 poco despu\u00e9s de las 16:00 horas y la v\u00edctima fue identificada como Rey de los S. M., atacado por un sujeto que presuntamente se trasladaba a bordo de una motocicleta.<\/p>\n\n\n\n<p>Tapanatepec es gobernado por el presidente municipal Humberto L\u00f3pez Parrazales, del Partido Morena, quien no ha podido frenar la ola delictiva en esa zona colindante con el estado de Chiapas.<\/p>\n\n\n\n<p>Por otra parte, tambi\u00e9n ayer por la tarde pero en la localidad de San Jer\u00f3nimo Taviche, Ocotl\u00e1n, dos personas resultaron lesionadas por disparo de arma de fuego, tras una ri\u00f1a durante la celebraci\u00f3n de un jaripeo.<\/p>\n\n\n\n<p>Una de las v\u00edctimas muri\u00f3 en el hospital a causa de la gravedad de las lesiones y hasta el momento no ha sido identificado legalmente.<\/p>\n\n\n\n<p>Mientras tanto, como Emanuel H., de 14 a\u00f1os de edad, fue identificado el adolescente que muri\u00f3 ayer por un accidente, en Tlalixtac de Cabrera, municipio de la regi\u00f3n Valles Centrales, cercano a la capital.<\/p>\n\n\n\n<p>El estudiante de secundaria conduc\u00eda su motocicleta por la calle Matamoros pero no se percat\u00f3 de que hab\u00eda una cuerda atravesada, que resguardaba un sitio para una fiesta, que lo alcanz\u00f3 a la altura de la cabeza, por lo cual muri\u00f3 en el lugar.&nbsp;<\/p>\n","protected":false},"excerpt":{"rendered":"<p>Redacci\u00f3n\/Zona Roja. Oaxaca de Ju\u00e1rez, Oax., a 5 de octubre de 2023.- El ex agente&hellip;<\/p>\n","protected":false},"author":2,"featured_media":29993,"comment_status":"closed","ping_status":"open","sticky":false,"template":"","format":"standard","meta":{"_lmt_disableupdate":"","_lmt_disable":"","_jetpack_memberships_contains_paid_content":false,"footnotes":""},"categories":[109,51],"tags":[206],"class_list":["post-60615","post","type-post","status-publish","format-standard","has-post-thumbnail","hentry","category-minuto-a-minuto","category-zona-roja","tag-san-pedro-tapanatepec"],"jetpack_featured_media_url":"https:\/\/zonaroja.com.mx\/wp-content\/uploads\/2021\/07\/Escena-balazos.jpg","jetpack_sharing_enabled":true,"_links":{"self":[{"href":"https:\/\/zonaroja.com.mx\/index.php?rest_route=\/wp\/v2\/posts\/60615","targetHints":{"allow":["GET"]}}],"collection":[{"href":"https:\/\/zonaroja.com.mx\/index.php?rest_route=\/wp\/v2\/posts"}],"about":[{"href":"https:\/\/zonaroja.com.mx\/index.php?rest_route=\/wp\/v2\/types\/post"}],"author":[{"embeddable":true,"href":"https:\/\/zonaroja.com.mx\/index.php?rest_route=\/wp\/v2\/users\/2"}],"replies":[{"embeddable":true,"href":"https:\/\/zonaroja.com.mx\/index.php?rest_route=%2Fwp%2Fv2%2Fcomments&post=60615"}],"version-history":[{"count":1,"href":"https:\/\/zonaroja.com.mx\/index.php?rest_route=\/wp\/v2\/posts\/60615\/revisions"}],"predecessor-version":[{"id":60616,"href":"https:\/\/zonaroja.com.mx\/index.php?rest_route=\/wp\/v2\/posts\/60615\/revisions\/60616"}],"wp:featuredmedia":[{"embeddable":true,"href":"https:\/\/zonaroja.com.mx\/index.php?rest_route=\/wp\/v2\/media\/29993"}],"wp:attachment":[{"href":"https:\/\/zonaroja.com.mx\/index.php?rest_route=%2Fwp%2Fv2%2Fmedia&parent=60615"}],"wp:term":[{"taxonomy":"category","embeddable":true,"href":"https:\/\/zonaroja.com.mx\/index.php?rest_route=%2Fwp%2Fv2%2Fcategories&post=60615"},{"taxonomy":"post_tag","embeddable":true,"href":"https:\/\/zonaroja.com.mx\/index.php?rest_route=%2Fwp%2Fv2%2Ftags&post=60615"}],"curies":[{"name":"wp","href":"https:\/\/api.w.org\/{rel}","templated":true}]}}