{"id":6062,"date":"2019-11-25T08:29:02","date_gmt":"2019-11-25T14:29:02","guid":{"rendered":"http:\/\/www.zonaroja.com.mx\/?p=6062"},"modified":"2019-11-25T08:29:05","modified_gmt":"2019-11-25T14:29:05","slug":"el-2019-ano-con-mas-feminicidios-en-oaxaca-ges-mujer","status":"publish","type":"post","link":"https:\/\/zonaroja.com.mx\/?p=6062","title":{"rendered":"El 2019, a\u00f1o con m\u00e1s feminicidios en Oaxaca: GES Mujer"},"content":{"rendered":"\n<p>Evlin Arag\u00f3n\/Zona Roja.<\/p>\n\n\n\n<p>Oaxaca de Ju\u00e1rez, Oax., 25 de noviembre\nde 2019.- Sof\u00eda y Socorro, asesinadas a balazos en la regi\u00f3n de la Costa, tras\nacudir a un baile popular,&nbsp; son las\n\u00faltimas v\u00edctimas de la violencia feminicida en Oaxaca, cuya cifra se ha elevado\na 373 casos en lo que va de la administraci\u00f3n de Alejandro Murat Hinojosa &nbsp;<\/p>\n\n\n\n<p>As\u00ed lo confirma el seguimiento\nhemerogr\u00e1fico del Centro de Documentaci\u00f3n del Grupo de estudios sobre la mujer\n\u201cRosario Castellanos\u201d (GES Mujer), que da cuenta de los 373 feminicidios\nocurridos del 1 de diciembre de 2016 al 22 de noviembre de 2019.<\/p>\n\n\n\n<p>De acuerdo con los datos proporcionados\npor la organizaci\u00f3n, Istmo, Valles Centrales y Papaloapan son las regiones que\nsiguen teniendo los mayores registros de asesinatos violentos de mujeres en lo\nque va del a\u00f1o, ello en el marco del D\u00eda Internacional de la Eliminaci\u00f3n de la\nViolencia contra la Mujer, que se conmemora el 25 de noviembre.<\/p>\n\n\n\n<p>Con 124 casos en lo que va del 2019, la\ncifra super\u00f3 a la de los a\u00f1os anteriores, convirtiendo al a\u00f1o en el m\u00e1s\nfeminicida de la actual administraci\u00f3n, dejando al 2018 con 123 y el 2017 con\n117.<\/p>\n\n\n\n<p>Los rangos de edad con m\u00e1s riesgo\nsiguen siendo los de 30-44 y16-29 a\u00f1os ya que registran mayor incidencia,\nmientras que las profesiones que se han podido identificar son comerciante, ama\nde casa, mesera y estudiante, sin embargo, la mayor\u00eda de los casos no se\nespecifica la ocupaci\u00f3n de las mujeres.<\/p>\n\n\n\n<p>Los principales agresores no son\nidentificados despu\u00e9s de realizar los hechos, de ah\u00ed los niveles de impunidad\nen los casos, mientras que de los que se conoce su identidad son parejas sentimentales\ny familiares de las v\u00edctimas cuyos cuerpos en su mayor\u00eda fueron encontrados al\ninterior de sus viviendas, en la v\u00eda p\u00fablica, en un poblado lejano y solitario,\nas\u00ed como en un comercio o negocio principalmente.<\/p>\n\n\n\n<p>El impacto de armas de fuego sigue\nsiendo la principal forma en la que son asesinadas las mujeres en Oaxaca,\nseguida de apu\u00f1alamiento y golpes de acuerdo con recuento que desde a\u00f1os\nrealiza GESMujer y que registra cifras muy por encima de las recientemente\nexpuestas por el Secretariado Ejecutivo del Sistema Nacional de Seguridad\nP\u00fablica que \u00fanicamente report\u00f3 24 feminicidios en lo que va del a\u00f1o.<\/p>\n","protected":false},"excerpt":{"rendered":"<p>Evlin Arag\u00f3n\/Zona Roja. Oaxaca de Ju\u00e1rez, Oax., 25 de noviembre de 2019.- Sof\u00eda y Socorro,&hellip;<\/p>\n","protected":false},"author":2,"featured_media":4207,"comment_status":"closed","ping_status":"open","sticky":false,"template":"","format":"standard","meta":{"_lmt_disableupdate":"","_lmt_disable":"","_jetpack_memberships_contains_paid_content":false,"footnotes":""},"categories":[109,51],"tags":[610],"class_list":["post-6062","post","type-post","status-publish","format-standard","has-post-thumbnail","hentry","category-minuto-a-minuto","category-zona-roja","tag-feminicidios-oaxaca"],"jetpack_featured_media_url":"https:\/\/zonaroja.com.mx\/wp-content\/uploads\/2019\/09\/Alerta-violencia-de-g\u00e9nero.jpg","jetpack_sharing_enabled":true,"_links":{"self":[{"href":"https:\/\/zonaroja.com.mx\/index.php?rest_route=\/wp\/v2\/posts\/6062","targetHints":{"allow":["GET"]}}],"collection":[{"href":"https:\/\/zonaroja.com.mx\/index.php?rest_route=\/wp\/v2\/posts"}],"about":[{"href":"https:\/\/zonaroja.com.mx\/index.php?rest_route=\/wp\/v2\/types\/post"}],"author":[{"embeddable":true,"href":"https:\/\/zonaroja.com.mx\/index.php?rest_route=\/wp\/v2\/users\/2"}],"replies":[{"embeddable":true,"href":"https:\/\/zonaroja.com.mx\/index.php?rest_route=%2Fwp%2Fv2%2Fcomments&post=6062"}],"version-history":[{"count":1,"href":"https:\/\/zonaroja.com.mx\/index.php?rest_route=\/wp\/v2\/posts\/6062\/revisions"}],"predecessor-version":[{"id":6063,"href":"https:\/\/zonaroja.com.mx\/index.php?rest_route=\/wp\/v2\/posts\/6062\/revisions\/6063"}],"wp:featuredmedia":[{"embeddable":true,"href":"https:\/\/zonaroja.com.mx\/index.php?rest_route=\/wp\/v2\/media\/4207"}],"wp:attachment":[{"href":"https:\/\/zonaroja.com.mx\/index.php?rest_route=%2Fwp%2Fv2%2Fmedia&parent=6062"}],"wp:term":[{"taxonomy":"category","embeddable":true,"href":"https:\/\/zonaroja.com.mx\/index.php?rest_route=%2Fwp%2Fv2%2Fcategories&post=6062"},{"taxonomy":"post_tag","embeddable":true,"href":"https:\/\/zonaroja.com.mx\/index.php?rest_route=%2Fwp%2Fv2%2Ftags&post=6062"}],"curies":[{"name":"wp","href":"https:\/\/api.w.org\/{rel}","templated":true}]}}