{"id":60622,"date":"2023-10-05T13:53:00","date_gmt":"2023-10-05T18:53:00","guid":{"rendered":"http:\/\/www.zonaroja.com.mx\/?p=60622"},"modified":"2023-10-05T09:03:10","modified_gmt":"2023-10-05T14:03:10","slug":"pese-a-militares-y-policias-en-chiapas-continua-el-cobro-de-piso-y-ayuda-forzada","status":"publish","type":"post","link":"https:\/\/zonaroja.com.mx\/?p=60622","title":{"rendered":"Pese a militares y polic\u00edas, en Chiapas contin\u00faa el \u201ccobro de piso\u201d y ayuda forzada"},"content":{"rendered":"\n<p>Redacci\u00f3n\/Zona Roja Cdmx.<\/p>\n\n\n\n<p>Ciudad de M\u00e9xico, a 5 de octubre de 2023.- A pesar de la presencia de las fuerzas de seguridad federal y estatal en Frontera Comalapa, Chiapas, los integrantes de la agrupaci\u00f3n \u201cEl Ma\u00edz\u201d, base social del c\u00e1rtel Jalisco Nueva generaci\u00f3n (CJNG), siguen obligando a los due\u00f1os de peque\u00f1os negocios a que paguen derecho de piso y acudan a cuidar las entradas a la cabecera municipal para evitar el ingreso de miembros del c\u00e1rtel de Sinaloa.<\/p>\n\n\n\n<p>Adem\u00e1s, parientes de V\u00edctor Gonz\u00e1lez P\u00e9rez, de 22 a\u00f1os, denunciaron su desaparici\u00f3n. Dijeron que sali\u00f3 de Chicomuselo hacia Frontera Comalapa el primero de octubre y a la fecha desconocen su paradero.<\/p>\n\n\n\n<p>Pobladores se\u00f1alaron que \u201clo normal\u201d ahora es que los due\u00f1os de negocios o talleres paguen extorsiones y cuiden d\u00eda y noche las entradas y salidas de la cabecera pese a la presencia militar.<\/p>\n\n\n\n<p>Comentaron que tras la llegada de las fuerzas de seguridad a la regi\u00f3n, hace d\u00edas, s\u00f3lo abrieron el paso en la carretera Panamericana, de Comit\u00e1n a la frontera de Ciudad Cuauht\u00e9moc, mientras a Frontera Comalapa no llegan las furgonetas de transporte colectivo, y hay que transbordar en este \u00faltimo punto.<\/p>\n\n\n\n<p>En Chicomuselo, vecino de Frontera Comalapa, no hay clases en las escuelas y los locatarios del mercado San Juan no han regresado a vender desde el 20 de septiembre, cuando cerraron ante las presiones de El Ma\u00edz, que pretende obligarlos a integrarse a sus filas.<\/p>\n\n\n\n<p>En Frontera Comalapa, donde son frecuentes los rumores sobre enfrentamientos, los planteles abrieron parcialmente, pues muchos alumnos y maestros no se presentan. Se sabe que del lunes (pasado) a la fecha s\u00f3lo 80 por ciento acuden. En algunos centros educativos acordaron esta semana asistir a clases presenciales, pero cuando haya bloqueos, las actividades ser\u00e1n en l\u00ednea.<\/p>\n\n\n\n<p>Un vecino de Chicomuselo afirm\u00f3 que el martes lleg\u00f3 a Frontera Comalapa y en un ret\u00e9n colocado por \u201cEl Ma\u00edz\u201d le quitaron la pel\u00edcula polarizada que ten\u00edan los vidrios de su veh\u00edculo. Las personas se disculparon y aseguraron que eran obligadas por los criminales.<\/p>\n\n\n\n<p>En Motozintla se suspendieron las actividades de la fiesta en honor a su patrono, San Francisco. S\u00f3lo se realiz\u00f3 una procesi\u00f3n por las calles de la ciudad con mucha gente y misas, pero no hubo juegos mec\u00e1nicos ni puestos de feria.<\/p>\n\n\n\n<p>Lugare\u00f1os indicaron que de Motozintla a Frontera Comalapa \u201cya hay paso en transporte p\u00fablico, aunque sea transbordando, pues las camionetas bajan su pasaje en el puente de Amatenango de la Frontera para que tomen otra unidad\u201d. Tambi\u00e9n se reanudaron las actividades deportivas.<\/p>\n\n\n\n<p>Poco a poco se normaliza la situaci\u00f3n, pero los bancos no est\u00e1n trabajando porque existe temor de enfrentamientos o bloqueos carreteros, expresaron.<\/p>\n\n\n\n<p>PREVALECE TERROR<\/p>\n\n\n\n<p>La Asociaci\u00f3n Mexicana de Hoteles de San Crist\u00f3bal de Las Casas demand\u00f3 al gobernador de Chiapas, el morenista Rutilio Escand\u00f3n, \u201cvivir en paz y con seguridad, respetando el estado de derecho\u201d.<\/p>\n\n\n\n<p>En un comunicado, expuso: \u201cNos llena de preocupaci\u00f3n ver c\u00f3mo en el estado prevalece el terror y usted s\u00f3lo nos dice, como es su costumbre, que la entidad es la m\u00e1s segura, en la que s\u00f3lo habita gente buena\u201d.<\/p>\n\n\n\n<p>Pregunt\u00f3 al mandatario: \u201cSi no pasa nada, \u00bfpor qu\u00e9 el palacio de gobierno se mantiene acordonado y lleno de seguridad? \u00bfPor qu\u00e9 cu\u00e1ndo viene a San Crist\u00f3bal acordonan tres cuadras a la redonda y no permiten que nadie se le acerque? \u00bfPor qu\u00e9 el crimen organizado aterroriza al estado y secuestra poblaciones completas?\u201d<\/p>\n\n\n\n<p>Alert\u00f3 que \u201cel turismo se est\u00e1 acabando y muchas empresas est\u00e1n en quiebra. D\u00edganos qu\u00e9 vamos a hacer, porque usted, en este tiempo de gobierno, no ha podido solucionar los problemas del estado y su no hacer nada nos ha afectado a todos, a unos por tener que cerrar sus empresas y a otros por quedarse sin empleo. \u00bfQu\u00e9 debemos hacer los empresarios? Ya nos cansamos de pedir y de exigir sin respuesta alguna. \u00bfPor qu\u00e9 usted sigue ignorando la problem\u00e1tica de nuestro estado?\u201d<\/p>\n\n\n\n<p>Recientemente, habitantes de la sierra y la frontera de Chiapas demandaron la \u201cinmediata intervenci\u00f3n\u201d del presidente Andr\u00e9s Manuel L\u00f3pez Obrador para que se frene la violencia en esas regiones, donde los c\u00e1rteles Jalisco Nueva generaci\u00f3n (CJNG) y de Sinaloa disputan el territorio.<\/p>\n","protected":false},"excerpt":{"rendered":"<p>Redacci\u00f3n\/Zona Roja Cdmx. Ciudad de M\u00e9xico, a 5 de octubre de 2023.- A pesar de&hellip;<\/p>\n","protected":false},"author":2,"featured_media":60623,"comment_status":"closed","ping_status":"open","sticky":false,"template":"","format":"standard","meta":{"_lmt_disableupdate":"","_lmt_disable":"","_jetpack_memberships_contains_paid_content":false,"footnotes":""},"categories":[109,47],"tags":[3686],"class_list":["post-60622","post","type-post","status-publish","format-standard","has-post-thumbnail","hentry","category-minuto-a-minuto","category-zona-gris","tag-crimen-organizado-en-chiapas"],"jetpack_featured_media_url":"https:\/\/zonaroja.com.mx\/wp-content\/uploads\/2023\/10\/Grupo-armado-Chiapas.jpeg","jetpack_sharing_enabled":true,"_links":{"self":[{"href":"https:\/\/zonaroja.com.mx\/index.php?rest_route=\/wp\/v2\/posts\/60622","targetHints":{"allow":["GET"]}}],"collection":[{"href":"https:\/\/zonaroja.com.mx\/index.php?rest_route=\/wp\/v2\/posts"}],"about":[{"href":"https:\/\/zonaroja.com.mx\/index.php?rest_route=\/wp\/v2\/types\/post"}],"author":[{"embeddable":true,"href":"https:\/\/zonaroja.com.mx\/index.php?rest_route=\/wp\/v2\/users\/2"}],"replies":[{"embeddable":true,"href":"https:\/\/zonaroja.com.mx\/index.php?rest_route=%2Fwp%2Fv2%2Fcomments&post=60622"}],"version-history":[{"count":1,"href":"https:\/\/zonaroja.com.mx\/index.php?rest_route=\/wp\/v2\/posts\/60622\/revisions"}],"predecessor-version":[{"id":60624,"href":"https:\/\/zonaroja.com.mx\/index.php?rest_route=\/wp\/v2\/posts\/60622\/revisions\/60624"}],"wp:featuredmedia":[{"embeddable":true,"href":"https:\/\/zonaroja.com.mx\/index.php?rest_route=\/wp\/v2\/media\/60623"}],"wp:attachment":[{"href":"https:\/\/zonaroja.com.mx\/index.php?rest_route=%2Fwp%2Fv2%2Fmedia&parent=60622"}],"wp:term":[{"taxonomy":"category","embeddable":true,"href":"https:\/\/zonaroja.com.mx\/index.php?rest_route=%2Fwp%2Fv2%2Fcategories&post=60622"},{"taxonomy":"post_tag","embeddable":true,"href":"https:\/\/zonaroja.com.mx\/index.php?rest_route=%2Fwp%2Fv2%2Ftags&post=60622"}],"curies":[{"name":"wp","href":"https:\/\/api.w.org\/{rel}","templated":true}]}}