{"id":60625,"date":"2023-10-05T11:23:00","date_gmt":"2023-10-05T16:23:00","guid":{"rendered":"http:\/\/www.zonaroja.com.mx\/?p=60625"},"modified":"2023-10-05T09:25:24","modified_gmt":"2023-10-05T14:25:24","slug":"el-mundo-vive-el-siglo-de-la-migracion-a-oaxaca-han-llegado-de-la-mitad-de-paises-africanos","status":"publish","type":"post","link":"https:\/\/zonaroja.com.mx\/?p=60625","title":{"rendered":"El mundo vive el siglo de la migraci\u00f3n; a Oaxaca han llegado de la mitad de pa\u00edses africanos"},"content":{"rendered":"\n<p>Ismael Garc\u00eda M.\/Zona Roja.<\/p>\n\n\n\n<p>Oaxaca de Ju\u00e1rez, Oax., a 5 de octubre de 2023.- La migraci\u00f3n es un fen\u00f3meno que va al alza en todo el mundo y ya est\u00e1 marcando el siglo XXI como el acontecimiento m\u00e1s importante de la humanidad.<\/p>\n\n\n\n<p>\u201cYa es el siglo de las migraciones\u201d consider\u00f3 el sacerdote Alejandro Solalinde Guerra, al participar ayer en la presentaci\u00f3n del documental \u201cAves de paso: relatos de la migraci\u00f3n\u201d, elaborado y dado a conocer por la Defensor\u00eda de los Derechos Humanos del Pueblo de Oaxaca.<\/p>\n\n\n\n<p>Ante la presidenta de dicho \u00f3rgano, Elizabeth Lara Rodr\u00edguez, el defensor de los migrantes detall\u00f3 que la migraci\u00f3n ya abarca todo el mundo y tan s\u00f3lo en el albergue \u201cHermanos en el Camino\u201d, ubicado en Ciudad Ixtepec, han arribado provenientes de 28 de los 54 pa\u00edses del continente de \u00c1frica.<\/p>\n\n\n\n<p>\u201c\u00c1frica, el continente abandonado se est\u00e1 rebelando; le dijo ya basta a pa\u00edses colonizadores como Francia\u201d, expuso.<\/p>\n\n\n\n<p>Pero detall\u00f3 adem\u00e1s que a M\u00e9xico, han arribado originarios pr\u00e1cticamente de todo el continente sudamericano, con excepci\u00f3n de cinco pa\u00edses, ante el abandono, la pobreza, la violencia y la falta de oportunidades de sobreviviencia..<\/p>\n\n\n\n<p>\u201cEstamos viendo un despertar de la migraci\u00f3n, pero tambi\u00e9n estamos viendo una situaci\u00f3n general en el mundo de la deshumanizaci\u00f3n, nosotros quienes formamos parte de la comunidad acompa\u00f1ante, necesitamos tener una visi\u00f3n completa, para atender las causas.<\/p>\n\n\n\n<p>\u201cEs un desaf\u00edo, voy a decirlo fuerte, es una revoluci\u00f3n pac\u00edfica la que se est\u00e1 llevando a cabo de la migraci\u00f3n, ya les colmaron el plato\u201d, detall\u00f3, al hacer un recuento tambi\u00e9n de lo que sucede en Europa y los graves riesgos al cruz el Mediterr\u00e1neo.<\/p>\n\n\n\n<p>Solalinde Guerra particip\u00f3 en un conservatorio, moderado por la ombudsperson Elizabeth Lara, con la participaci\u00f3n de Carolina Reyes Rosi\u00f1ol, asociada de Protecci\u00f3n Senior del Alto Comisionado de las Naciones Unidas para los Refugiados (ACNUR), y El\u00ed Cruz, jefe de la suboficial en Tapachula de la Organizaci\u00f3n Internacional para las Migraciones (OIM).<\/p>\n\n\n\n<p>Estuvieron tambi\u00e9n presentes, entre otros, el c\u00f3nsul de Guatemala, Diego Aldana, as\u00ed como el fiscal General del Estado de Oaxaca, Bernardo Rodr\u00edguez Alamilla.<\/p>\n\n\n\n<figure class=\"wp-block-embed\"><div class=\"wp-block-embed__wrapper\">\nhttps:\/\/x.com\/ZonaRoja_Oaxaca\/status\/1709700498905784478?s=20\n<\/div><\/figure>\n","protected":false},"excerpt":{"rendered":"<p>Ismael Garc\u00eda M.\/Zona Roja. Oaxaca de Ju\u00e1rez, Oax., a 5 de octubre de 2023.- La&hellip;<\/p>\n","protected":false},"author":2,"featured_media":60626,"comment_status":"closed","ping_status":"open","sticky":false,"template":"","format":"standard","meta":{"_lmt_disableupdate":"","_lmt_disable":"","_jetpack_memberships_contains_paid_content":false,"footnotes":""},"categories":[109,47],"tags":[286],"class_list":["post-60625","post","type-post","status-publish","format-standard","has-post-thumbnail","hentry","category-minuto-a-minuto","category-zona-gris","tag-defensoria-de-los-derechos-humanos-del-pueblo-de-oaxaca"],"jetpack_featured_media_url":"https:\/\/zonaroja.com.mx\/wp-content\/uploads\/2023\/10\/Conversatorio-migracion-Derechos-Humanos.jpg","jetpack_sharing_enabled":true,"_links":{"self":[{"href":"https:\/\/zonaroja.com.mx\/index.php?rest_route=\/wp\/v2\/posts\/60625","targetHints":{"allow":["GET"]}}],"collection":[{"href":"https:\/\/zonaroja.com.mx\/index.php?rest_route=\/wp\/v2\/posts"}],"about":[{"href":"https:\/\/zonaroja.com.mx\/index.php?rest_route=\/wp\/v2\/types\/post"}],"author":[{"embeddable":true,"href":"https:\/\/zonaroja.com.mx\/index.php?rest_route=\/wp\/v2\/users\/2"}],"replies":[{"embeddable":true,"href":"https:\/\/zonaroja.com.mx\/index.php?rest_route=%2Fwp%2Fv2%2Fcomments&post=60625"}],"version-history":[{"count":1,"href":"https:\/\/zonaroja.com.mx\/index.php?rest_route=\/wp\/v2\/posts\/60625\/revisions"}],"predecessor-version":[{"id":60627,"href":"https:\/\/zonaroja.com.mx\/index.php?rest_route=\/wp\/v2\/posts\/60625\/revisions\/60627"}],"wp:featuredmedia":[{"embeddable":true,"href":"https:\/\/zonaroja.com.mx\/index.php?rest_route=\/wp\/v2\/media\/60626"}],"wp:attachment":[{"href":"https:\/\/zonaroja.com.mx\/index.php?rest_route=%2Fwp%2Fv2%2Fmedia&parent=60625"}],"wp:term":[{"taxonomy":"category","embeddable":true,"href":"https:\/\/zonaroja.com.mx\/index.php?rest_route=%2Fwp%2Fv2%2Fcategories&post=60625"},{"taxonomy":"post_tag","embeddable":true,"href":"https:\/\/zonaroja.com.mx\/index.php?rest_route=%2Fwp%2Fv2%2Ftags&post=60625"}],"curies":[{"name":"wp","href":"https:\/\/api.w.org\/{rel}","templated":true}]}}