{"id":60628,"date":"2023-10-05T18:25:17","date_gmt":"2023-10-05T23:25:17","guid":{"rendered":"http:\/\/www.zonaroja.com.mx\/?p=60628"},"modified":"2023-10-05T18:25:20","modified_gmt":"2023-10-05T23:25:20","slug":"no-mas-intentos-de-amedrentar-a-las-mujeres-ni-intereses-de-grupo-esg","status":"publish","type":"post","link":"https:\/\/zonaroja.com.mx\/?p=60628","title":{"rendered":"No m\u00e1s intentos de amedrentar a las mujeres ni intereses de grupo: ESG"},"content":{"rendered":"\n<p>Ismael Garc\u00eda M.\/Zona Zona.<\/p>\n\n\n\n<p>Oaxaca de Ju\u00e1rez, Oax., a 5 de octubre de 2023.- \u201cEl IEEPCO es de la ciudadan\u00eda y es \u00e9sta quien puede llamarnos a rendir cuentas, siempre que existan procesos legales, debidamente fundamentados y no sean utilizados para amedrentar a las mujeres en puestos de toma de decisiones, por intereses personales con tintes pol\u00edticos en beneficio de un grupo en particular\u201d.<\/p>\n\n\n\n<p>Eso lo afirm\u00f3 hoy la presidenta del Consejo General del Instituto Estatal Electoral y de Participaci\u00f3n Ciudadana de Oaxaca (IEEPCO), Elizabeth S\u00e1nchez Gonz\u00e1lez, al ser reinstalada este jueves en su cargo.<\/p>\n\n\n\n<p>Lo anterior luego de la la resoluci\u00f3n de la Sala Superior del Tribunal Electoral del Poder Judicial de la Federaci\u00f3n (TEPJF), que por unanimidad de votos revoc\u00f3 ayer la medida cautelar de suspensi\u00f3n temporal de su cargo y orden\u00f3 su reinstalaci\u00f3n de manera inmediata.<\/p>\n\n\n\n<p>\u201cHago de conocimiento p\u00fablico que me he reincorporado al frente de los trabajos del proceso electoral 2023-2024 que lleva a cabo el Instituto Estatal Electoral y de Participaci\u00f3n Ciudadana de Oaxaca (EEPCO).<\/p>\n\n\n\n<p>\u201cConf\u00edo en que pueda ejercer mi cargo conforme a la normatividad electoral vigente y no existan m\u00e1s intentos de obstaculizar el buen funcionamiento del Instituto y el proceso electoral en curso; en caso contrario, sea por la v\u00eda jur\u00eddica que se pueda solventar cualquier tipo de diferencia\u201d, detall\u00f3 en un comunicado personal.<\/p>\n\n\n\n<p>En el documento, aprovecho para reconocer el desempe\u00f1o de las y los consejeros electorales, adem\u00e1s de agradecer a las y los trabajadores del \u00f3rgano electoral local que no dejaron de realizar sus actividades, \u201cpese a los d\u00edas de incertidumbre vividos en las \u00faltimas semanas\u201d.<\/p>\n\n\n\n<p>Con respecto a las observaciones administrativas, por lo cual fue decretada su suspensi\u00f3n temporal por un mes, aclar\u00f3 que son por un monto mucho menor al expuesto en las redes sociales \u201cy no se trata de desv\u00edo de recursos, ya que fue utilizado para adquirir bienes y servicios del Instituto, como son combustible y renta de veh\u00edculos, adem\u00e1s de gratificaciones al personal.<\/p>\n\n\n\n<p>\u201cCabe se\u00f1alar que los procedimientos CJS\/OIC\/005\/2023 y CJS\/OIC\/006\/2023 est\u00e1n siendo atendidos, prueba de ello es que recientemente present\u00e9 un informe que estoy a la espera de resoluci\u00f3n por parte del \u00d3rgano Interno de Control del IEECO, posterior a ello har\u00e9 p\u00fablico el uso que se le dio a los recursos p\u00fablicos\u201d, sostuvo.<\/p>\n\n\n\n<p>Invit\u00f3 a la sociedad oaxaque\u00f1a a estar pendientes del proceso electoral a trav\u00e9s de los canales de difusi\u00f3n institucionales y de manera activa, siendo parte de los consejos distritales y municipales o realizando observaci\u00f3n.<\/p>\n\n\n\n<p><a href=\"https:\/\/x.com\/ZonaRoja_Oaxaca\/status\/1710040753399910824?s=20\">https:\/\/x.com\/ZonaRoja_Oaxaca\/status\/1710040753399910824?s=20<\/a><\/p>\n","protected":false},"excerpt":{"rendered":"<p>Ismael Garc\u00eda M.\/Zona Zona. Oaxaca de Ju\u00e1rez, Oax., a 5 de octubre de 2023.- \u201cEl&hellip;<\/p>\n","protected":false},"author":2,"featured_media":60629,"comment_status":"closed","ping_status":"open","sticky":false,"template":"","format":"standard","meta":{"_lmt_disableupdate":"","_lmt_disable":"","_jetpack_memberships_contains_paid_content":false,"footnotes":""},"categories":[109,46],"tags":[2932],"class_list":["post-60628","post","type-post","status-publish","format-standard","has-post-thumbnail","hentry","category-minuto-a-minuto","category-zona-blanca","tag-instituto-estatal-electoral-y-de-participacion-ciudadana-de-oaxaca-ieepco"],"jetpack_featured_media_url":"https:\/\/zonaroja.com.mx\/wp-content\/uploads\/2023\/10\/Consejo-General-IEEPCO-Elizabeth-Sanchez.jpeg","jetpack_sharing_enabled":true,"_links":{"self":[{"href":"https:\/\/zonaroja.com.mx\/index.php?rest_route=\/wp\/v2\/posts\/60628","targetHints":{"allow":["GET"]}}],"collection":[{"href":"https:\/\/zonaroja.com.mx\/index.php?rest_route=\/wp\/v2\/posts"}],"about":[{"href":"https:\/\/zonaroja.com.mx\/index.php?rest_route=\/wp\/v2\/types\/post"}],"author":[{"embeddable":true,"href":"https:\/\/zonaroja.com.mx\/index.php?rest_route=\/wp\/v2\/users\/2"}],"replies":[{"embeddable":true,"href":"https:\/\/zonaroja.com.mx\/index.php?rest_route=%2Fwp%2Fv2%2Fcomments&post=60628"}],"version-history":[{"count":1,"href":"https:\/\/zonaroja.com.mx\/index.php?rest_route=\/wp\/v2\/posts\/60628\/revisions"}],"predecessor-version":[{"id":60630,"href":"https:\/\/zonaroja.com.mx\/index.php?rest_route=\/wp\/v2\/posts\/60628\/revisions\/60630"}],"wp:featuredmedia":[{"embeddable":true,"href":"https:\/\/zonaroja.com.mx\/index.php?rest_route=\/wp\/v2\/media\/60629"}],"wp:attachment":[{"href":"https:\/\/zonaroja.com.mx\/index.php?rest_route=%2Fwp%2Fv2%2Fmedia&parent=60628"}],"wp:term":[{"taxonomy":"category","embeddable":true,"href":"https:\/\/zonaroja.com.mx\/index.php?rest_route=%2Fwp%2Fv2%2Fcategories&post=60628"},{"taxonomy":"post_tag","embeddable":true,"href":"https:\/\/zonaroja.com.mx\/index.php?rest_route=%2Fwp%2Fv2%2Ftags&post=60628"}],"curies":[{"name":"wp","href":"https:\/\/api.w.org\/{rel}","templated":true}]}}