{"id":60631,"date":"2023-10-05T18:59:00","date_gmt":"2023-10-05T23:59:00","guid":{"rendered":"http:\/\/www.zonaroja.com.mx\/?p=60631"},"modified":"2023-10-05T18:49:23","modified_gmt":"2023-10-05T23:49:23","slug":"fiscalia-lleva-ante-el-juez-a-dos-ebrios-que-golpearon-a-policias-en-oaxaca","status":"publish","type":"post","link":"https:\/\/zonaroja.com.mx\/?p=60631","title":{"rendered":"Fiscal\u00eda lleva ante el juez a dos ebrios que golpearon a polic\u00edas en Oaxaca"},"content":{"rendered":"\n<p>Redacci\u00f3n\/Zona Roja.<\/p>\n\n\n\n<p>Oaxaca de Ju\u00e1rez, Oax., a 5 de octubre de 2023.- La Fiscal\u00eda General del Estado de Oaxaca (FGEO) llevar\u00e1 ante el juez a dos personas del sexo masculino identificadas como J. M. C. M. y E. C. M., por los delitos de Lesiones Calificadas, Da\u00f1os y Delito Contra Funcionario P\u00fablico, por hechos ocurridos en calles del centro de la capital, en la regi\u00f3n de los Valles Centrales.<\/p>\n\n\n\n<p>De acuerdo con las primeras investigaciones, la tarde del martes 3 de octubre de 2023, en calles del centro de la ciudad de Oaxaca de Ju\u00e1rez, en inmediaciones del Paseo Ju\u00e1rez \u201cEl Llano\u201d, elementos de la Polic\u00eda Vial del municipio observaron una probable irregularidad con un veh\u00edculo, por lo que se aproximaron a \u00e9ste.<\/p>\n\n\n\n<p>Tras lo cual, dos personas civiles que viajaban en dicho autom\u00f3vil agredieron f\u00edsicamente a los funcionarios p\u00fablicos, como qued\u00f3 registrado en un video capturado por testigos, el cual fue difundido a trav\u00e9s de diferentes plataformas de redes sociales.<\/p>\n\n\n\n<p>Ante los hechos, las dos personas civiles fueron detenidas en flagrancia, posteriormente fueron puestos a disposici\u00f3n de la FGEO, la cual inici\u00f3 las investigaciones correspondientes a cargo de la Direcci\u00f3n de Averiguaciones previas y Procesos por los delitos de Lesiones Calificadas, Da\u00f1os y Delito Contra Funcionario P\u00fablico.<\/p>\n\n\n\n<p>En las pr\u00f3ximas horas -en cumplimiento a los tiempos que marca la ley-,&nbsp; J. M. C. M. y E. C. M. ser\u00e1n puestos a disposici\u00f3n del Juez de Control para la audiencia inicial de comunicaci\u00f3n de la imputaci\u00f3n.<\/p>\n\n\n\n<p>La Fiscal\u00eda de Oaxaca refrenda su compromiso de aplicar la ley sin distingo para erradicar cualquier acto de impunidad y que se haga justicia ante conductas que se configuren en cualquier tipo de delito.<\/p>\n","protected":false},"excerpt":{"rendered":"<p>Redacci\u00f3n\/Zona Roja. Oaxaca de Ju\u00e1rez, Oax., a 5 de octubre de 2023.- La Fiscal\u00eda General&hellip;<\/p>\n","protected":false},"author":2,"featured_media":60632,"comment_status":"closed","ping_status":"open","sticky":false,"template":"","format":"standard","meta":{"_lmt_disableupdate":"","_lmt_disable":"","_jetpack_memberships_contains_paid_content":false,"footnotes":""},"categories":[109,46],"tags":[494],"class_list":["post-60631","post","type-post","status-publish","format-standard","has-post-thumbnail","hentry","category-minuto-a-minuto","category-zona-blanca","tag-fiscalia-general-del-estado-de-oaxaca"],"jetpack_featured_media_url":"https:\/\/zonaroja.com.mx\/wp-content\/uploads\/2023\/10\/Borrachos-rina-policias-Oaxaca.jpg","jetpack_sharing_enabled":true,"_links":{"self":[{"href":"https:\/\/zonaroja.com.mx\/index.php?rest_route=\/wp\/v2\/posts\/60631","targetHints":{"allow":["GET"]}}],"collection":[{"href":"https:\/\/zonaroja.com.mx\/index.php?rest_route=\/wp\/v2\/posts"}],"about":[{"href":"https:\/\/zonaroja.com.mx\/index.php?rest_route=\/wp\/v2\/types\/post"}],"author":[{"embeddable":true,"href":"https:\/\/zonaroja.com.mx\/index.php?rest_route=\/wp\/v2\/users\/2"}],"replies":[{"embeddable":true,"href":"https:\/\/zonaroja.com.mx\/index.php?rest_route=%2Fwp%2Fv2%2Fcomments&post=60631"}],"version-history":[{"count":1,"href":"https:\/\/zonaroja.com.mx\/index.php?rest_route=\/wp\/v2\/posts\/60631\/revisions"}],"predecessor-version":[{"id":60633,"href":"https:\/\/zonaroja.com.mx\/index.php?rest_route=\/wp\/v2\/posts\/60631\/revisions\/60633"}],"wp:featuredmedia":[{"embeddable":true,"href":"https:\/\/zonaroja.com.mx\/index.php?rest_route=\/wp\/v2\/media\/60632"}],"wp:attachment":[{"href":"https:\/\/zonaroja.com.mx\/index.php?rest_route=%2Fwp%2Fv2%2Fmedia&parent=60631"}],"wp:term":[{"taxonomy":"category","embeddable":true,"href":"https:\/\/zonaroja.com.mx\/index.php?rest_route=%2Fwp%2Fv2%2Fcategories&post=60631"},{"taxonomy":"post_tag","embeddable":true,"href":"https:\/\/zonaroja.com.mx\/index.php?rest_route=%2Fwp%2Fv2%2Ftags&post=60631"}],"curies":[{"name":"wp","href":"https:\/\/api.w.org\/{rel}","templated":true}]}}