{"id":60639,"date":"2023-10-05T21:57:25","date_gmt":"2023-10-06T02:57:25","guid":{"rendered":"http:\/\/www.zonaroja.com.mx\/?p=60639"},"modified":"2023-10-05T21:57:29","modified_gmt":"2023-10-06T02:57:29","slug":"estallan-de-nuevo-conflictos-educativos-al-ieepo","status":"publish","type":"post","link":"https:\/\/zonaroja.com.mx\/?p=60639","title":{"rendered":"Estallan, de nuevo, conflictos educativos al IEEPO"},"content":{"rendered":"\n<p>Ismael Garc\u00eda M.\/Zona Roja.<\/p>\n\n\n\n<p>Oaxaca de Ju\u00e1rez, Oax., a 5 de octubre de 2023.- Por desatenci\u00f3n del Instituto Estatal de Educaci\u00f3n P\u00fablica de Oaxaca (IEEPO), los problemas en el ramo educativo estallaron de nuevo.<\/p>\n\n\n\n<p>Por la ma\u00f1ana, un grupo de supervisores de zona y jefes de sector, liderados por el ex dirigente de la Secci\u00f3n 22 del SNTE, Erangelio Mendoza, protest\u00f3 en el z\u00f3calo de la capital, para exigir el cumplimiento a diversas demandas planteadas desde hace varios meses.<\/p>\n\n\n\n<p>Entre ellas est\u00e1n la contrataci\u00f3n de m\u00e1s personal docente y administrativo para las escuelas de la entidad; bases para normalistas; equipamiento general a todas las supervisiones y jefaturas de sectores y conciliaci\u00f3n de plazas.<\/p>\n\n\n\n<p>Ante la falta de atenci\u00f3n, el grupo de docentes se traslad\u00f3 a la avenida Ju\u00e1rez esquina Berrioz\u00e1bal de la capital, donde bloquearon la vialidad por varias horas; despu\u00e9s de las tres de la tarde se retiraron pero prev\u00e9n volver ma\u00f1ana.<\/p>\n\n\n\n<p>De acuerdo con la profesora Mar\u00eda Mart\u00ednez Meneses, el 17 de septiembre hubo una mesa de trabajo con el IEEPO, donde plantearon las demandas, pero a la fecha no han sido atendidas.<\/p>\n\n\n\n<p>Mientras que en la sede de la Defensor\u00eda de Derechos Humanos del Pueblo de Oaxaca, en la ciudad, docentes cesados de la Escuela Secundaria T\u00e9cnica 84 con sede en la Villa de Etla efectuaron una protesta.<\/p>\n\n\n\n<p>Seg\u00fan denunci\u00f3 una profesora, Eufemia Garc\u00eda Z\u00e1rate, desde el pasado 3 de septiembre la plantilla en total fue retirada de dicho plantel educativo, por exigencia del comit\u00e9 de padres de familia.<\/p>\n\n\n\n<p>Sin embargo, no hay ning\u00fan argumento formal para los hayan retirado de dic escuela, por lo cual exigi\u00f3 al Instituto Estatal de Educaci\u00f3n P\u00fablica que los regrese a sus lugares de trabajo.<\/p>\n\n\n\n<p>\u201cNo se ha comprobado ninguna falta en contra de nosotros y se nos ha denostado\u201d, dijo; los inconformes reprocharon que el titular del IEEPO, Emilio Montero P\u00e9rez, y la Secci\u00f3n 22 del SNTE firmaron una minuta de trabajo el 25 de septiembre, donde los destituyeron de su trabajo.<\/p>\n\n\n\n<figure class=\"wp-block-embed\"><div class=\"wp-block-embed__wrapper\">\nhttps:\/\/x.com\/ZonaRoja_Oaxaca\/status\/1709989062009098690?s=20\n<\/div><\/figure>\n","protected":false},"excerpt":{"rendered":"<p>Ismael Garc\u00eda M.\/Zona Roja. Oaxaca de Ju\u00e1rez, Oax., a 5 de octubre de 2023.- Por&hellip;<\/p>\n","protected":false},"author":2,"featured_media":60640,"comment_status":"closed","ping_status":"open","sticky":false,"template":"","format":"standard","meta":{"_lmt_disableupdate":"","_lmt_disable":"","_jetpack_memberships_contains_paid_content":false,"footnotes":""},"categories":[109,47],"tags":[2264],"class_list":["post-60639","post","type-post","status-publish","format-standard","has-post-thumbnail","hentry","category-minuto-a-minuto","category-zona-gris","tag-bloqueos-y-protestas-oaxaca"],"jetpack_featured_media_url":"https:\/\/zonaroja.com.mx\/wp-content\/uploads\/2023\/10\/Protestas-Secundaria-84-Etla-.jpg","jetpack_sharing_enabled":true,"_links":{"self":[{"href":"https:\/\/zonaroja.com.mx\/index.php?rest_route=\/wp\/v2\/posts\/60639","targetHints":{"allow":["GET"]}}],"collection":[{"href":"https:\/\/zonaroja.com.mx\/index.php?rest_route=\/wp\/v2\/posts"}],"about":[{"href":"https:\/\/zonaroja.com.mx\/index.php?rest_route=\/wp\/v2\/types\/post"}],"author":[{"embeddable":true,"href":"https:\/\/zonaroja.com.mx\/index.php?rest_route=\/wp\/v2\/users\/2"}],"replies":[{"embeddable":true,"href":"https:\/\/zonaroja.com.mx\/index.php?rest_route=%2Fwp%2Fv2%2Fcomments&post=60639"}],"version-history":[{"count":1,"href":"https:\/\/zonaroja.com.mx\/index.php?rest_route=\/wp\/v2\/posts\/60639\/revisions"}],"predecessor-version":[{"id":60641,"href":"https:\/\/zonaroja.com.mx\/index.php?rest_route=\/wp\/v2\/posts\/60639\/revisions\/60641"}],"wp:featuredmedia":[{"embeddable":true,"href":"https:\/\/zonaroja.com.mx\/index.php?rest_route=\/wp\/v2\/media\/60640"}],"wp:attachment":[{"href":"https:\/\/zonaroja.com.mx\/index.php?rest_route=%2Fwp%2Fv2%2Fmedia&parent=60639"}],"wp:term":[{"taxonomy":"category","embeddable":true,"href":"https:\/\/zonaroja.com.mx\/index.php?rest_route=%2Fwp%2Fv2%2Fcategories&post=60639"},{"taxonomy":"post_tag","embeddable":true,"href":"https:\/\/zonaroja.com.mx\/index.php?rest_route=%2Fwp%2Fv2%2Ftags&post=60639"}],"curies":[{"name":"wp","href":"https:\/\/api.w.org\/{rel}","templated":true}]}}