{"id":6064,"date":"2019-11-25T20:29:06","date_gmt":"2019-11-26T02:29:06","guid":{"rendered":"http:\/\/www.zonaroja.com.mx\/?p=6064"},"modified":"2019-11-25T20:29:09","modified_gmt":"2019-11-26T02:29:09","slug":"presentan-atlas-de-genero-de-oaxaca-en-la-uabjo","status":"publish","type":"post","link":"https:\/\/zonaroja.com.mx\/?p=6064","title":{"rendered":"Presentan Atlas de G\u00e9nero de Oaxaca en la UABJO"},"content":{"rendered":"\n<p>Evlin Arag\u00f3n\/Zona Roja.<\/p>\n\n\n\n<p>Oaxaca de Ju\u00e1rez, Oax., 25 de noviembre\nde 2019.- En el marco del D\u00eda Internacional de la Eliminaci\u00f3n de la Violencia\ncontra la Mujer, la Direcci\u00f3n de Equidad y G\u00e9nero de la Universidad Aut\u00f3noma\n\u201cBenito Ju\u00e1rez\u201d de Oaxaca (DIEG-UABJO), en coordinaci\u00f3n con la Facultad de\nEconom\u00eda, present\u00f3 el Atlas de G\u00e9nero Oaxaca, por parte de la direcci\u00f3n General\nde Poblaci\u00f3n de Oaxaca (Digepo).<\/p>\n\n\n\n<p>Durante el encuentro, la titular de la\nDIEG, Niz Yamille G\u00f3mez Hern\u00e1ndez, dio la bienvenida a las y los estudiantes de\nlas facultades de Econom\u00eda y Contadur\u00eda, as\u00ed como a los enlaces de g\u00e9nero que\nse dieron cita a quienes record\u00f3 que a trav\u00e9s del \u00e1rea a su cargo se busca\nincidir en la igualdad entre hombres y mujeres al interior de la UABJO.<\/p>\n\n\n\n<p>En este sentido, la funcionaria\nuniversitaria asegur\u00f3 que para quienes trabajan con la agenda feminista y de\ng\u00e9nero, todos los d\u00edas se debe trabajar por la eliminaci\u00f3n de la violencia\ncontra las mujeres que se mantiene como una deuda pendiente del Estado hacia\nm\u00e1s de la mitad de su poblaci\u00f3n.<\/p>\n\n\n\n<p>\u201cPara nosotras todos los d\u00edas son 25 de\nnoviembre porque el trabajo para lograr la eliminaci\u00f3n de la violencia contra\nlas mujeres debe ser cotidiano y sin bajar la guardia hasta lograr el\nobjetivo\u201d, se\u00f1al\u00f3.<\/p>\n\n\n\n<p>G\u00f3mez Hern\u00e1ndez celebr\u00f3 la alianza\ninterinstitucional con la Digepo para lograr la presentaci\u00f3n del Atlas de\nG\u00e9nero por primera vez al interior de m\u00e1xima casa de estudios, a la par que\nindic\u00f3 se buscar\u00e1n los mecanismos para que lo conozcan en m\u00e1s facultades y\npueda ser de ayuda para los trabajos de investigaci\u00f3n de la comunidad\nuniversitaria.&nbsp; <\/p>\n\n\n\n<p>Por su parte el director, Digepo,\nIgnacio Pareja Amador, realiz\u00f3 la presentaci\u00f3n de la plataforma que dijo re\u00fane\ndistintos indicadores sobre poblaci\u00f3n, para exponer la brecha de g\u00e9nero y las\ndiferencias adicionales derivadas de la ubicaci\u00f3n geogr\u00e1fica de los distintos\nmunicipios del estado.<\/p>\n\n\n\n<p>Lo anterior con la finalidad de\nevidenciar las \u00e1reas de oportunidad y los \u00e1mbitos de acci\u00f3n prioritarios desde\nun enfoque de g\u00e9nero que apoyen en la planeaci\u00f3n, implementaci\u00f3n, monitoreo y\nevaluaci\u00f3n de las pol\u00edticas p\u00fablicas en la administraci\u00f3n actual.<\/p>\n\n\n\n<p>El Atlas est\u00e1 conformado de mapas,\ngr\u00e1ficos e indicadores de situaci\u00f3n, que se obtienen de los conteos, encuestas,\nc\u00e1lculos estad\u00edsticos y gesti\u00f3n, que son sistematizados por distintas\ninstituciones p\u00fablicas, cuyas principales tem\u00e1ticas son poblaci\u00f3n, educaci\u00f3n,\nsalud, trabajo, uso del tiempo, pobreza, violencia, poblaci\u00f3n ind\u00edgena,\nafrodescendientes, toma de decisiones y transparencia.<\/p>\n\n\n\n<p>Finalmente. personal de la DIEG-UABJO,\nrealiz\u00f3 la entrega de materiales informativos al alumnado, dentro de ellos los\nviolent\u00f3metros que ayudan a identificar la violencia en la pareja y la que se\nejerce de forma digital y recientemente ha sido tipificada como delito en el\nestado.<\/p>\n","protected":false},"excerpt":{"rendered":"<p>Evlin Arag\u00f3n\/Zona Roja. Oaxaca de Ju\u00e1rez, Oax., 25 de noviembre de 2019.- En el marco&hellip;<\/p>\n","protected":false},"author":2,"featured_media":6074,"comment_status":"closed","ping_status":"open","sticky":false,"template":"","format":"standard","meta":{"_lmt_disableupdate":"","_lmt_disable":"","_jetpack_memberships_contains_paid_content":false,"footnotes":""},"categories":[109,1,46],"tags":[282],"class_list":["post-6064","post","type-post","status-publish","format-standard","has-post-thumbnail","hentry","category-minuto-a-minuto","category-sin-categoria","category-zona-blanca","tag-universidad-autonoma-benito-juarez-de-oaxaca"],"jetpack_featured_media_url":"https:\/\/zonaroja.com.mx\/wp-content\/uploads\/2019\/11\/Atlas-G\u00e9nero-DIEG.jpg","jetpack_sharing_enabled":true,"_links":{"self":[{"href":"https:\/\/zonaroja.com.mx\/index.php?rest_route=\/wp\/v2\/posts\/6064","targetHints":{"allow":["GET"]}}],"collection":[{"href":"https:\/\/zonaroja.com.mx\/index.php?rest_route=\/wp\/v2\/posts"}],"about":[{"href":"https:\/\/zonaroja.com.mx\/index.php?rest_route=\/wp\/v2\/types\/post"}],"author":[{"embeddable":true,"href":"https:\/\/zonaroja.com.mx\/index.php?rest_route=\/wp\/v2\/users\/2"}],"replies":[{"embeddable":true,"href":"https:\/\/zonaroja.com.mx\/index.php?rest_route=%2Fwp%2Fv2%2Fcomments&post=6064"}],"version-history":[{"count":1,"href":"https:\/\/zonaroja.com.mx\/index.php?rest_route=\/wp\/v2\/posts\/6064\/revisions"}],"predecessor-version":[{"id":6075,"href":"https:\/\/zonaroja.com.mx\/index.php?rest_route=\/wp\/v2\/posts\/6064\/revisions\/6075"}],"wp:featuredmedia":[{"embeddable":true,"href":"https:\/\/zonaroja.com.mx\/index.php?rest_route=\/wp\/v2\/media\/6074"}],"wp:attachment":[{"href":"https:\/\/zonaroja.com.mx\/index.php?rest_route=%2Fwp%2Fv2%2Fmedia&parent=6064"}],"wp:term":[{"taxonomy":"category","embeddable":true,"href":"https:\/\/zonaroja.com.mx\/index.php?rest_route=%2Fwp%2Fv2%2Fcategories&post=6064"},{"taxonomy":"post_tag","embeddable":true,"href":"https:\/\/zonaroja.com.mx\/index.php?rest_route=%2Fwp%2Fv2%2Ftags&post=6064"}],"curies":[{"name":"wp","href":"https:\/\/api.w.org\/{rel}","templated":true}]}}