{"id":60642,"date":"2023-10-06T08:07:00","date_gmt":"2023-10-06T13:07:00","guid":{"rendered":"http:\/\/www.zonaroja.com.mx\/?p=60642"},"modified":"2023-10-06T08:36:09","modified_gmt":"2023-10-06T13:36:09","slug":"otra-vez-juchitan-y-tehuantepec-ataque-armado-deja-cinco-heridos","status":"publish","type":"post","link":"https:\/\/zonaroja.com.mx\/?p=60642","title":{"rendered":"Otra vez Juchit\u00e1n y Tehuantepec: ataque armado deja cinco heridos\u00a0"},"content":{"rendered":"\n<p>Ismael Garc\u00eda M.\/Zona Roja.<\/p>\n\n\n\n<p>Oaxaca de Ju\u00e1rez, Oax., a 6 de octubre de 2023.- Dos ataques armados en la regi\u00f3n del Istmo de Tehuantepec dejaron al menos cinco personas lesionadas; en uno de los casos, las autoridades recabaron hasta 20 casquillos percutidos, calibre nueve mil\u00edmetros.<\/p>\n\n\n\n<p>El m\u00e1s reciente caso ocurri\u00f3 anoche en un domicilio ubicado en la calle Gardenia esquina Mangos de la colonia 19 de Marzo, en el municipio de Juchit\u00e1n de Zaragoza.<\/p>\n\n\n\n<p>Sujetos armados dispararon en contra de los ocupantes, con saldo de tres personas lesionadas, identificadas como Hern\u00e1n de Jes\u00fas V. S. y Jurey Ruperto T. V., padre e hijo respectivamente, as\u00ed como el menor Jos\u00e9 Armando V. G.&nbsp;<\/p>\n\n\n\n<p>Fueron atendidos por param\u00e9dicos y trasladados al hospital \u201cDr. Macedonio Ben\u00edtez Fuentes\u201d, donde a\u00fan convalecen y los reportan delicados de salud.<\/p>\n\n\n\n<p>Mientras tanto, alrededor de la 01:00 horas de ayer, sujetos armados atacaron a balazos a un grupo de personas a un costado de la carretera Trans\u00edstmica, a la altura de la parada del paraje \u201cEl Quike\u201d.<\/p>\n\n\n\n<p>Dos personas resultaron lesionados por impactos de arma de fuego: David A. H. y Rosendo M. V., quienes fueron trasladadas al hospital general.<\/p>\n\n\n\n<p>En el lugar fueron localizados al menos 20 casquillos percutidos calibre 9 mil\u00edmetros.<\/p>\n\n\n\n<p>Ambos municipios viven escenas de extrema violencia y est\u00e1n gobernados por ediles surgidos del Partido Morena; en Santo Domingo Tehuantepec la alcaldesa es Vilma Mart\u00ednez Cort\u00e9s, quien lleva cinco a\u00f1os en el cargo. En Juchit\u00e1n, Miguel S\u00e1nchez Altamirano, tambi\u00e9n de Morena, quien supli\u00f3 a Emilio Montero P\u00e9rez.<\/p>\n\n\n\n<p>MUERE BALEADO<\/p>\n\n\n\n<p>Por otra parte, ayer se confirm\u00f3 la muerte de una persona del sexo masculino baleado la noche del mi\u00e9rcoles en la localidad de Sitio De Santiago, del municipio de Ocotl\u00e1n de Morelos, durante un jaripeo.<\/p>\n\n\n\n<p>Sujetos armados dispararon en contra de quien fue identificado como C\u00e9sar Alberto P., de 29 a\u00f1os de edad, quien fue trasladado al Hospital General \u00abDr. Aurelio Valdivieso\u00bb de la capital, donde posteriormente perdi\u00f3 la vida a causa de un disparo en el t\u00f3rax.<\/p>\n","protected":false},"excerpt":{"rendered":"<p>Ismael Garc\u00eda M.\/Zona Roja. Oaxaca de Ju\u00e1rez, Oax., a 6 de octubre de 2023.- Dos&hellip;<\/p>\n","protected":false},"author":2,"featured_media":60645,"comment_status":"closed","ping_status":"open","sticky":false,"template":"","format":"standard","meta":{"_lmt_disableupdate":"","_lmt_disable":"","_jetpack_memberships_contains_paid_content":false,"footnotes":""},"categories":[109,47],"tags":[123,125],"class_list":["post-60642","post","type-post","status-publish","format-standard","has-post-thumbnail","hentry","category-minuto-a-minuto","category-zona-gris","tag-juchitan-de-zaragoza","tag-santo-domingo-tehuantepec"],"jetpack_featured_media_url":"https:\/\/zonaroja.com.mx\/wp-content\/uploads\/2023\/10\/Ataque-armado-Juchitan.jpg","jetpack_sharing_enabled":true,"_links":{"self":[{"href":"https:\/\/zonaroja.com.mx\/index.php?rest_route=\/wp\/v2\/posts\/60642","targetHints":{"allow":["GET"]}}],"collection":[{"href":"https:\/\/zonaroja.com.mx\/index.php?rest_route=\/wp\/v2\/posts"}],"about":[{"href":"https:\/\/zonaroja.com.mx\/index.php?rest_route=\/wp\/v2\/types\/post"}],"author":[{"embeddable":true,"href":"https:\/\/zonaroja.com.mx\/index.php?rest_route=\/wp\/v2\/users\/2"}],"replies":[{"embeddable":true,"href":"https:\/\/zonaroja.com.mx\/index.php?rest_route=%2Fwp%2Fv2%2Fcomments&post=60642"}],"version-history":[{"count":2,"href":"https:\/\/zonaroja.com.mx\/index.php?rest_route=\/wp\/v2\/posts\/60642\/revisions"}],"predecessor-version":[{"id":60652,"href":"https:\/\/zonaroja.com.mx\/index.php?rest_route=\/wp\/v2\/posts\/60642\/revisions\/60652"}],"wp:featuredmedia":[{"embeddable":true,"href":"https:\/\/zonaroja.com.mx\/index.php?rest_route=\/wp\/v2\/media\/60645"}],"wp:attachment":[{"href":"https:\/\/zonaroja.com.mx\/index.php?rest_route=%2Fwp%2Fv2%2Fmedia&parent=60642"}],"wp:term":[{"taxonomy":"category","embeddable":true,"href":"https:\/\/zonaroja.com.mx\/index.php?rest_route=%2Fwp%2Fv2%2Fcategories&post=60642"},{"taxonomy":"post_tag","embeddable":true,"href":"https:\/\/zonaroja.com.mx\/index.php?rest_route=%2Fwp%2Fv2%2Ftags&post=60642"}],"curies":[{"name":"wp","href":"https:\/\/api.w.org\/{rel}","templated":true}]}}