{"id":60647,"date":"2023-10-06T09:30:00","date_gmt":"2023-10-06T14:30:00","guid":{"rendered":"http:\/\/www.zonaroja.com.mx\/?p=60647"},"modified":"2023-10-06T08:01:00","modified_gmt":"2023-10-06T13:01:00","slug":"un-muro-no-es-la-respuesta-dice-eu-edificamos-puentes-asegura-mexico","status":"publish","type":"post","link":"https:\/\/zonaroja.com.mx\/?p=60647","title":{"rendered":"Un muro no es la respuesta, dice EU; edificamos puentes, asegura M\u00e9xico"},"content":{"rendered":"\n<p>Redacci\u00f3n\/Zona Roja Cdmx.<\/p>\n\n\n\n<p>Ciudad de M\u00e9xico, a 6 de octubre de 2023.- Alejandro Nicol\u00e1s Mayorkas, secretario de Seguridad Nacional de Estados Unidos, dijo ayer en Palacio Nacional que su pa\u00eds no ve a un muro fronterizo como la respuesta para frenar contrabando y el cruce de migrantes.<\/p>\n\n\n\n<p>\u201cNo hay ninguna pol\u00edtica con respecto a muro en la frontera. Desde el d\u00eda 1 esta administraci\u00f3n ha dejado en claro que un muro no es la respuesta\u201d, se\u00f1al\u00f3 el funcionario tras el Di\u00e1logo de Alto Nivel sobre Seguridad entre M\u00e9xico y Estados Unidos.<\/p>\n\n\n\n<p>\u00abEl proyecto de construcci\u00f3n informado hoy fue asignado durante la administraci\u00f3n anterior en 2019 y la ley exige que el gobierno utilice estos fondos para este prop\u00f3sito\u00bb, destac\u00f3.<\/p>\n\n\n\n<p>El presidente Joe Biden dijo antes que no puede impedir que se utilicen fondos federales para construir secciones del muro fronterizo entre Estados Unidos y M\u00e9xico despu\u00e9s de que el Congreso asignara dinero, y a\u00f1adi\u00f3 que no cree este tipo de barreras funcionen.<\/p>\n\n\n\n<p>La secretaria de Relaciones Exteriores, Alicia B\u00e1rcena, destac\u00f3 que en el gobierno de M\u00e9xico est\u00e1n en contra de los muros, pero a favor de edificar puentes. \u201cHemos reconocido el liderazgo del presidente Biden de no ampliar el muro\u201d, se\u00f1al\u00f3.<\/p>\n\n\n\n<p>Trump, el principal candidato del Partido Republicano para competir con el dem\u00f3crata Biden en las elecciones presidenciales de 2024, hizo de la construcci\u00f3n de vallas fronterizas un principio central de su primera campa\u00f1a a la Casa Blanca, con el c\u00e1ntico \u00abConstruyan ese muro\u00bb habitual en sus m\u00edtines.<\/p>\n\n\n\n<p>Una de las primeras medidas de Biden tras asumir el cargo en enero de 2021 fue emitir una proclama en la que se compromet\u00eda a que \u00abno se desv\u00ede m\u00e1s dinero de los contribuyentes estadounidenses para construir un muro fronterizo\u00bb, as\u00ed como a revisar todos los recursos que ya se hab\u00edan comprometido.<\/p>\n\n\n\n<p>El gobierno de Estados Unidos construir\u00e1 m\u00e1s tramos del muro fronterizo y carreteras en un condado de Texas por el que ha pasado un gran n\u00famero de migrantes procedentes de M\u00e9xico, cuyo presidente, Andr\u00e9s Manuel L\u00f3pez Obrador, calific\u00f3 la medida de \u00abretroceso\u00bb y consider\u00f3 que \u00abno resuelve nada\u00bb.<\/p>\n\n\n\n<p>Washington explic\u00f3 que la acci\u00f3n no se desviaba de la proclama de Biden porque el dinero que se asign\u00f3 durante el mandato de Trump en 2019 ten\u00eda que gastarse ahora.<\/p>\n\n\n\n<p>CRISIS DE FENTANILO<\/p>\n\n\n\n<p>Para atender la crisis de salud propiciada por el fentanilo, la Secretar\u00eda de Marina (Semar) propuso a Estados Unidos crear una coalici\u00f3n para el seguimiento de precursores qu\u00edmico, que adem\u00e1s de fentanilo incluir\u00e1 otras sustancias.<\/p>\n\n\n\n<p>La secretaria de Relaciones Exteriores, Alicia B\u00e1rcena, explic\u00f3 que en Di\u00e1logo de Alto Nivel en Seguridad M\u00e9xico-Estados Unidos, se propuso esta coalici\u00f3n en la que se incluir\u00e1 a pa\u00edses productores de los precursores qu\u00edmicos.<\/p>\n\n\n\n<p>\u201cHoy la Secretar\u00eda de Marina propuso algo muy importante: \u00bfc\u00f3mo logramos integrar en esta Coalici\u00f3n Global? Un grupo que pueda dedicarse al seguimiento y la trazabilidad de precursores qu\u00edmicos, no solamente de fentanilo, sino de todo tipo de drogas que puedan ser perjudiciales para la salud\u201d, destac\u00f3.<\/p>\n\n\n\n<p>En M\u00e9xico, dijo, no hay una crisis por fentanilo, sin embargo, deben atenderse las causas de por qu\u00e9 los j\u00f3venes consumen drogas.<\/p>\n\n\n\n<p>\u00abSe trata de abordar este tema desde una perspectiva de salud p\u00fablica de adicciones, de ver como combatimos las causas de por qu\u00e9 la gente est\u00e1 consumiendo drogas\u00bb, destac\u00f3.<\/p>\n\n\n\n<p>B\u00e1rcena afirm\u00f3 que en M\u00e9xico no hay laboratorios legales de fentanilo, sin embargo, se han encontrado espacios ilegales.<\/p>\n\n\n\n<p>\u201cLo que hay son laboratorios ilegales y eso s\u00ed se ha encontrado y ah\u00ed es donde se han hecho incautaciones de laboratorios clandestinos y ah\u00ed es donde estamos colaborando\u201d, destac\u00f3.<\/p>\n\n\n\n<p>Al tomar la palabra, la secretaria de Seguridad P\u00fablica, Rosa Icela Rodr\u00edguez, rechaz\u00f3 que M\u00e9xico sea productor de fentanilo, y aclar\u00f3 que es pa\u00eds de tr\u00e1nsito.<\/p>\n\n\n\n<p>\u201cReiteramos la cuesti\u00f3n del seguimiento de los precursores qu\u00edmicos, ya que M\u00e9xico no es un productor de fentanilo, es un pa\u00eds de tr\u00e1nsito y en el pa\u00eds no se han detectado laboratorios dedicados a ello\u201d, destac\u00f3.<\/p>\n\n\n\n<p>El secretario de Estado, Anthony Blinken, asegur\u00f3 que el consumo de fentanilo es la primera causa de muerte entre j\u00f3venes en su pa\u00eds.<\/p>\n\n\n\n<p>\u201cEl fentanilo es la causa de muerte principal en personas de 18 a 49 a\u00f1os de edad en Estados Unidos, por lo tanto hay que luchar contra ese flagelo. Estados Unidos lo est\u00e1 haciendo directamente con M\u00e9xico\u201d, afirm\u00f3.<\/p>\n\n\n\n<p>Explic\u00f3 que de manera conjunta tienen a m\u00e1s de 50 representantes de log\u00edstica, transporte y farmac\u00e9uticas para identificar las actividades il\u00edcitas relacionadas y poner fin a los precursores qu\u00edmicos.<\/p>\n\n\n\n<p>\u201cM\u00e9xico est\u00e1 haciendo contribuciones clave en la coalici\u00f3n de m\u00e1s de 100 pa\u00edses que lanz\u00f3 Estados Unidos este a\u00f1o\u201d, destac\u00f3.<\/p>\n\n\n\n<p>Coment\u00f3 que desde Estados Unidos est\u00e1n trabajando para detener y enjuiciar a quienes producen fentanilo. \u201cTenemos un muy robusto socio\u201d, destac\u00f3.<\/p>\n\n\n\n<p>(Informaci\u00f3n de \u201cExpansi\u00f3n Pol\u00edtica\u201d)<\/p>\n","protected":false},"excerpt":{"rendered":"<p>Redacci\u00f3n\/Zona Roja Cdmx. Ciudad de M\u00e9xico, a 6 de octubre de 2023.- Alejandro Nicol\u00e1s Mayorkas,&hellip;<\/p>\n","protected":false},"author":2,"featured_media":60644,"comment_status":"closed","ping_status":"open","sticky":false,"template":"","format":"standard","meta":{"_lmt_disableupdate":"","_lmt_disable":"","_jetpack_memberships_contains_paid_content":false,"footnotes":""},"categories":[109,46],"tags":[],"class_list":["post-60647","post","type-post","status-publish","format-standard","has-post-thumbnail","hentry","category-minuto-a-minuto","category-zona-blanca"],"jetpack_featured_media_url":"https:\/\/zonaroja.com.mx\/wp-content\/uploads\/2023\/10\/Reunion-de-alto-nivel-Mexico-Estados-Unidos.webp","jetpack_sharing_enabled":true,"_links":{"self":[{"href":"https:\/\/zonaroja.com.mx\/index.php?rest_route=\/wp\/v2\/posts\/60647","targetHints":{"allow":["GET"]}}],"collection":[{"href":"https:\/\/zonaroja.com.mx\/index.php?rest_route=\/wp\/v2\/posts"}],"about":[{"href":"https:\/\/zonaroja.com.mx\/index.php?rest_route=\/wp\/v2\/types\/post"}],"author":[{"embeddable":true,"href":"https:\/\/zonaroja.com.mx\/index.php?rest_route=\/wp\/v2\/users\/2"}],"replies":[{"embeddable":true,"href":"https:\/\/zonaroja.com.mx\/index.php?rest_route=%2Fwp%2Fv2%2Fcomments&post=60647"}],"version-history":[{"count":1,"href":"https:\/\/zonaroja.com.mx\/index.php?rest_route=\/wp\/v2\/posts\/60647\/revisions"}],"predecessor-version":[{"id":60648,"href":"https:\/\/zonaroja.com.mx\/index.php?rest_route=\/wp\/v2\/posts\/60647\/revisions\/60648"}],"wp:featuredmedia":[{"embeddable":true,"href":"https:\/\/zonaroja.com.mx\/index.php?rest_route=\/wp\/v2\/media\/60644"}],"wp:attachment":[{"href":"https:\/\/zonaroja.com.mx\/index.php?rest_route=%2Fwp%2Fv2%2Fmedia&parent=60647"}],"wp:term":[{"taxonomy":"category","embeddable":true,"href":"https:\/\/zonaroja.com.mx\/index.php?rest_route=%2Fwp%2Fv2%2Fcategories&post=60647"},{"taxonomy":"post_tag","embeddable":true,"href":"https:\/\/zonaroja.com.mx\/index.php?rest_route=%2Fwp%2Fv2%2Ftags&post=60647"}],"curies":[{"name":"wp","href":"https:\/\/api.w.org\/{rel}","templated":true}]}}