{"id":60649,"date":"2023-10-06T10:30:00","date_gmt":"2023-10-06T15:30:00","guid":{"rendered":"http:\/\/www.zonaroja.com.mx\/?p=60649"},"modified":"2023-10-06T08:33:00","modified_gmt":"2023-10-06T13:33:00","slug":"recriminan-concejales-morenistas-a-martinez-neri-la-inseguridad","status":"publish","type":"post","link":"https:\/\/zonaroja.com.mx\/?p=60649","title":{"rendered":"Recriminan concejales morenistas a Mart\u00ednez Neri la inseguridad"},"content":{"rendered":"\n<p>Ismael Garc\u00eda M.\/Zona Roja.<\/p>\n\n\n\n<p>Oaxaca de Ju\u00e1rez, Oax., a 6 de octubre de 2023.- Mientras el edil Francisco Mart\u00ednez Neri afirm\u00f3 que la delincuencia no est\u00e1 desbordada en el municipio de Oaxaca de Ju\u00e1rez y defendi\u00f3 al secretario Ra\u00fal \u00c1vila Ibarra, concejales de Morena recriminaron la ola de inseguridad.<\/p>\n\n\n\n<p>\u201cQuiero exhortar al maestro Ra\u00fal \u00c1vila Ibarra, secretario de Seguridad y Protecci\u00f3n Ciudadana, Movilidad y Protecci\u00f3n Civil, para que brinde la seguridad necesaria, ya que en d\u00edas pasados un trabajador del ayuntamiento sufri\u00f3 un ataque armado; al d\u00eda siguiente se realiz\u00f3 la agresi\u00f3n en contra de elementos de la Polic\u00eda Vial, sin dejar de mencionar los asaltos, ejecuciones y otros delitos\u201d.<\/p>\n\n\n\n<p>Esas fueron parte de las palabras de la s\u00edndica Nancy Mota Figueroa, al tomar la palabra durante el punto de Asuntos Generales de la sesi\u00f3n de Cabildo de ayer, en que lament\u00f3 adem\u00e1s las agresiones a los uniformados, el pasado martes, por parte de sujetos ebrios.<\/p>\n\n\n\n<p>\u201cExhorto al ciudadano No\u00e9 Arnulgo Garc\u00eda Cabrera, encargado de Vialidad para que de igual manera sea eficiente en sus tareas en base a sus atribuciones, pero tambi\u00e9n para que revise realmente el equipo con que se cuenta, ya que los radios de comunicaci\u00f3n con los que cuentan los elementos viales son obsoletos\u201d, abund\u00f3.<\/p>\n\n\n\n<p>Expuso que es necesaria la capacitaci\u00f3n de los elementos policiacos, as\u00ed como hacer un an\u00e1lisis profundo y abrir el debate para que el Congreso del Estado y el Cabildo generen las propuestas de nuevas leyes y reglamentos que den garant\u00edas a los cuerpos de seguridad ante una agresi\u00f3n.<\/p>\n\n\n\n<p>\u201cLe pido se\u00f1or presidente municipal, contador Francisco Mart\u00ednez Neri, que tome las medidas necesarias para fortalecer la seguridad p\u00fablica. Hoy queda demostrado que los funcionarios que provienen de otros estados y los ponen en cargos de alta responsabilidad, no le ponen el mismo inter\u00e9s ni la pasi\u00f3n para trabajar por las y los oaxaque\u00f1os, ya que no tienen la misma identidad ni sentido de pertenencia\u201d, dijo.<\/p>\n\n\n\n<figure class=\"wp-block-embed\"><div class=\"wp-block-embed__wrapper\">\nhttps:\/\/x.com\/ZonaRoja_Oaxaca\/status\/1710103433766650065?s=20\n<\/div><\/figure>\n\n\n\n<p>La secund\u00f3 la regidora Deyanira Altamirano: \u201cun exhorto a Ra\u00fal \u00c1vila y al comandante No\u00e9, que tambi\u00e9n cumplan con su trabajo; ya que que ellos como secretario, como encargado de la direcci\u00f3n, atiendan a la ciudadan\u00eda, sobre todo que tambi\u00e9n tengan un orden dentro de sus estrategias.<\/p>\n\n\n\n<p>En similares t\u00e9rminos se pronunci\u00f3 la concejal panista Mirna L\u00f3pez Torres, quien lament\u00f3 las situaciones de inseguridad en la capital.<\/p>\n\n\n\n<p>NO PASA NADA<\/p>\n\n\n\n<p>Contrario a ello y en entrevista colectiva, el presidente municipal surgido de Morena, Francisco Mart\u00ednez Neri, neg\u00f3 que haya situaciones de inseguridad en la ciudad de Oaxaca y defendi\u00f3 al secretario de Seguridad, Ra\u00fal \u00c1vila, pues dijo que cada semana se revisan las estrategias y hay logros.<\/p>\n\n\n\n<p>\u201cSon hechos que ocurren, como en este momento, ocurren acontecimientos\u2026 Ojal\u00e1 pudi\u00e9ramos tener un polic\u00eda para cada persona, se evitar\u00eda que alguien llegue y le ponga la pistola en la cabeza\u201d, justific\u00f3 el edil, al pregunt\u00e1rsele de la ausencia de polic\u00edas en la zona del crimen de un empleado municipal, pese a que a unos metros estaba un m\u00f3dulo.<\/p>\n\n\n\n<p>Rechaz\u00f3 igualmente que el joven asesinado en la ribera del r\u00edo \u201cAtoyac\u201d llevara droga al momento de ser asesinado.<\/p>\n","protected":false},"excerpt":{"rendered":"<p>Ismael Garc\u00eda M.\/Zona Roja. Oaxaca de Ju\u00e1rez, Oax., a 6 de octubre de 2023.- Mientras&hellip;<\/p>\n","protected":false},"author":2,"featured_media":60637,"comment_status":"closed","ping_status":"open","sticky":false,"template":"","format":"standard","meta":{"_lmt_disableupdate":"","_lmt_disable":"","_jetpack_memberships_contains_paid_content":false,"footnotes":""},"categories":[109,47],"tags":[148],"class_list":["post-60649","post","type-post","status-publish","format-standard","has-post-thumbnail","hentry","category-minuto-a-minuto","category-zona-gris","tag-oaxaca-de-juarez"],"jetpack_featured_media_url":"https:\/\/zonaroja.com.mx\/wp-content\/uploads\/2023\/10\/Francisco-Martinez-Neri.jpg","jetpack_sharing_enabled":true,"_links":{"self":[{"href":"https:\/\/zonaroja.com.mx\/index.php?rest_route=\/wp\/v2\/posts\/60649","targetHints":{"allow":["GET"]}}],"collection":[{"href":"https:\/\/zonaroja.com.mx\/index.php?rest_route=\/wp\/v2\/posts"}],"about":[{"href":"https:\/\/zonaroja.com.mx\/index.php?rest_route=\/wp\/v2\/types\/post"}],"author":[{"embeddable":true,"href":"https:\/\/zonaroja.com.mx\/index.php?rest_route=\/wp\/v2\/users\/2"}],"replies":[{"embeddable":true,"href":"https:\/\/zonaroja.com.mx\/index.php?rest_route=%2Fwp%2Fv2%2Fcomments&post=60649"}],"version-history":[{"count":1,"href":"https:\/\/zonaroja.com.mx\/index.php?rest_route=\/wp\/v2\/posts\/60649\/revisions"}],"predecessor-version":[{"id":60650,"href":"https:\/\/zonaroja.com.mx\/index.php?rest_route=\/wp\/v2\/posts\/60649\/revisions\/60650"}],"wp:featuredmedia":[{"embeddable":true,"href":"https:\/\/zonaroja.com.mx\/index.php?rest_route=\/wp\/v2\/media\/60637"}],"wp:attachment":[{"href":"https:\/\/zonaroja.com.mx\/index.php?rest_route=%2Fwp%2Fv2%2Fmedia&parent=60649"}],"wp:term":[{"taxonomy":"category","embeddable":true,"href":"https:\/\/zonaroja.com.mx\/index.php?rest_route=%2Fwp%2Fv2%2Fcategories&post=60649"},{"taxonomy":"post_tag","embeddable":true,"href":"https:\/\/zonaroja.com.mx\/index.php?rest_route=%2Fwp%2Fv2%2Ftags&post=60649"}],"curies":[{"name":"wp","href":"https:\/\/api.w.org\/{rel}","templated":true}]}}