{"id":6065,"date":"2019-11-25T09:06:45","date_gmt":"2019-11-25T15:06:45","guid":{"rendered":"http:\/\/www.zonaroja.com.mx\/?p=6065"},"modified":"2019-11-25T09:06:49","modified_gmt":"2019-11-25T15:06:49","slug":"jovenes-del-cobao-pinotepa-representan-a-oaxaca-en-japon","status":"publish","type":"post","link":"https:\/\/zonaroja.com.mx\/?p=6065","title":{"rendered":"J\u00f3venes del Cobao Pinotepa representan a Oaxaca en Jap\u00f3n"},"content":{"rendered":"\n<p>Redacci\u00f3n\/Zona Roja.<\/p>\n\n\n\n<p>Oaxaca de Ju\u00e1rez. Oax. 25 noviembre de\n2019. Estudiantes del plantel 03 Pinotepa Nacional del Colegio de Bachilleres\ndel Estado de Oaxaca (Cobao), participaron en la IV Cumbre Mundial de Tsunamis,\nrealizada en la isla de Hokkaido, Jap\u00f3n.<\/p>\n\n\n\n<p>Dirigidos por la docente Marisela Rojas\nMarqu\u00e9z, los estudiantes de quinto semestre: Isis Naomi Acevedo S\u00e1nchez, Jemima\nSuzzeeth L\u00f3pez Ortega, Enrique Medina Acevedo, Fernando Alberto Gallegos y\nJavier Bernardino Rend\u00f3n, tuvieron la oportunidad de representar a M\u00e9xico ante\nm\u00e1s de 40 pa\u00edses.<\/p>\n\n\n\n<p>El alumno, Fernando Alberto Gallegos\nexplic\u00f3, \u201cesto no fue un concurso, sino una cumbre mundial, un intercambio de\nconocimientos y cultura, que sin duda nos ayudar\u00e1 a crecer\u201d. <\/p>\n\n\n\n<p>El estudiante manifest\u00f3 que en la IV\nCumbre Mundial de Tsunamis, aprendieron c\u00f3mo Jap\u00f3n realiza acciones para\nrecuperarse de los desastres naturales.<\/p>\n\n\n\n<p>\u201cTrabajamos en grupo con los\nrepresentantes de Rusia, Sud\u00e1frica, Sri Lanka y escuelas de Jap\u00f3n, en tres\nvertientes: incrementar el conocimiento de los or\u00edgenes de desastres naturales\nen las escuelas, promover con las autoridades programas de calidad para ayudar\na las comunidades m\u00e1s vulnerables e incrementar los recursos para enfrentar los\ndesastres naturales con ayuda del gobierno\u201d.<\/p>\n\n\n\n<p>Por su parte, la alumna Jemima Suzzeeth\nL\u00f3pez Ortega, declar\u00f3 que la base de cualquier tipo de plan de acci\u00f3n es el\ncompromiso de las personas, que implica reacciones eficaces, para el bienestar\nde los ciudadanos en cuestiones de desastres.<\/p>\n\n\n\n<p>\u201cPor ello, como equipo hemos planeado\nimplementar en nuestro plantel un calendario para realizar simulacros, en los\ncuales podamos ense\u00f1ar a la comunidad estudiantil&nbsp; las medidas adecuadas para actuar ante los\nfen\u00f3menos ocurridos en M\u00e9xico, como son los sismos\u201d asever\u00f3. <\/p>\n\n\n\n<p>Los estudiantes del Cobao de Pinotepa\nNacional, como embajadores juveniles en esta cumbre, asumieron la\nresponsabilidad de compartir con la sociedad los conocimientos adquiridos.<\/p>\n\n\n\n<p>\u201cEstudiantes, autoridades educativas,\npadres de familia, los exhortamos a comprender el riesgo que implica vivir en\nuna zona perpetuada por la actividad s\u00edsmica y a crear una cultura de&nbsp; prevenci\u00f3n\u201d, es el llamado de los estudiantes\na la poblaci\u00f3n.<\/p>\n\n\n\n<p>Finalmente, la alumna Jemima Suzzeeth,\nagreg\u00f3: <\/p>\n\n\n\n<p>\u201cIndependientemente de que sea un lugar\nprecioso, observamos una cultura y una educaci\u00f3n totalmente diferente a la\nnuestra, la puntualidad, la honestidad, las atenciones y cuidados que tienen\ncon sus invitados, son valores que los tienen muy arraigados, los demuestran en\ncada acto y palabra, tiene una cultura y h\u00e1bitos dignos de admirar\u201d.<\/p>\n","protected":false},"excerpt":{"rendered":"<p>Redacci\u00f3n\/Zona Roja. Oaxaca de Ju\u00e1rez. Oax. 25 noviembre de 2019. Estudiantes del plantel 03 Pinotepa&hellip;<\/p>\n","protected":false},"author":2,"featured_media":6066,"comment_status":"closed","ping_status":"open","sticky":false,"template":"","format":"standard","meta":{"_lmt_disableupdate":"","_lmt_disable":"","_jetpack_memberships_contains_paid_content":false,"footnotes":""},"categories":[109,46],"tags":[800],"class_list":["post-6065","post","type-post","status-publish","format-standard","has-post-thumbnail","hentry","category-minuto-a-minuto","category-zona-blanca","tag-colegio-de-bachilleres-de-oaxaca"],"jetpack_featured_media_url":"https:\/\/zonaroja.com.mx\/wp-content\/uploads\/2019\/11\/COBAO-123.jpg","jetpack_sharing_enabled":true,"_links":{"self":[{"href":"https:\/\/zonaroja.com.mx\/index.php?rest_route=\/wp\/v2\/posts\/6065","targetHints":{"allow":["GET"]}}],"collection":[{"href":"https:\/\/zonaroja.com.mx\/index.php?rest_route=\/wp\/v2\/posts"}],"about":[{"href":"https:\/\/zonaroja.com.mx\/index.php?rest_route=\/wp\/v2\/types\/post"}],"author":[{"embeddable":true,"href":"https:\/\/zonaroja.com.mx\/index.php?rest_route=\/wp\/v2\/users\/2"}],"replies":[{"embeddable":true,"href":"https:\/\/zonaroja.com.mx\/index.php?rest_route=%2Fwp%2Fv2%2Fcomments&post=6065"}],"version-history":[{"count":1,"href":"https:\/\/zonaroja.com.mx\/index.php?rest_route=\/wp\/v2\/posts\/6065\/revisions"}],"predecessor-version":[{"id":6067,"href":"https:\/\/zonaroja.com.mx\/index.php?rest_route=\/wp\/v2\/posts\/6065\/revisions\/6067"}],"wp:featuredmedia":[{"embeddable":true,"href":"https:\/\/zonaroja.com.mx\/index.php?rest_route=\/wp\/v2\/media\/6066"}],"wp:attachment":[{"href":"https:\/\/zonaroja.com.mx\/index.php?rest_route=%2Fwp%2Fv2%2Fmedia&parent=6065"}],"wp:term":[{"taxonomy":"category","embeddable":true,"href":"https:\/\/zonaroja.com.mx\/index.php?rest_route=%2Fwp%2Fv2%2Fcategories&post=6065"},{"taxonomy":"post_tag","embeddable":true,"href":"https:\/\/zonaroja.com.mx\/index.php?rest_route=%2Fwp%2Fv2%2Ftags&post=6065"}],"curies":[{"name":"wp","href":"https:\/\/api.w.org\/{rel}","templated":true}]}}