{"id":60658,"date":"2023-10-06T12:30:00","date_gmt":"2023-10-06T17:30:00","guid":{"rendered":"http:\/\/www.zonaroja.com.mx\/?p=60658"},"modified":"2023-10-06T09:28:20","modified_gmt":"2023-10-06T14:28:20","slug":"encarcelan-a-adolescente-en-comunidad-de-oaxaca-sin-ningun-cargo","status":"publish","type":"post","link":"https:\/\/zonaroja.com.mx\/?p=60658","title":{"rendered":"Encarcelan a adolescente en comunidad de Oaxaca\u2026 sin ning\u00fan cargo"},"content":{"rendered":"\n<p>Ismael Garc\u00eda M.\/Zona Roja.<\/p>\n\n\n\n<p>Oaxaca de Ju\u00e1rez, Oax., a 6 de octubre de 2023.- Una adolescente fue encarcelada en el municipio de San Juan Quiahije, sin haber cometido alg\u00fan delito, y fue liberada 12 horas despu\u00e9s con la amenaza de que si denuncia formalmente el hecho, ser\u00eda detenida otra vez.<\/p>\n\n\n\n<p>Ocurri\u00f3 el pasado 13 de septiembre en dicha localidad del distrito de Juquila, regi\u00f3n Costa de Oaxaca, y el hecho se difundi\u00f3 recientemente a trav\u00e9s de redes sociales, con fotograf\u00edas incluidas.<\/p>\n\n\n\n<p>De acuerdo con la narraci\u00f3n, se trata de una ni\u00f1a estudiante del Instituto de Estudios de Bachillerato de Oaxaca de nombre Daniela \u201cN\u201d, que fue citada en dicha fecha por la regidora de Educaci\u00f3n para hablar de algunos temas.<\/p>\n\n\n\n<p>Pero ya en el lugar, el s\u00edndico orden\u00f3 a los topiles de la localidad que la encerraran en la c\u00e1rcel municipal; la adolescente iba sin sus padres, por lo cual no pudo dar aviso a nadie y tampoco lo hicieron las autoridades.<\/p>\n\n\n\n<p>\u201cLa menor de edad sin saber la causa &nbsp;de su detenci\u00f3n y privaci\u00f3n ilegal de su libertad, fue dirigida a un lugar deplorable tal como se muestra en las im\u00e1genes, pareciera que encarcelaron a un delincuente peligroso que haya cometido un grave delito, pero ni el m\u00e1s peligroso delincuente merece ser torturado psicol\u00f3gicamente como torturaron e hicieron sufrir &nbsp;a esta menor de edad, a &nbsp;la cual no le proporcionaron, comida, cobijas ni el uso de los sanitario, &nbsp;un lugar en p\u00e9simas condiciones que ning\u00fan ser humano merece ser tratado ni discriminado como lo hacen las autoridades de malas costumbre de San Juan Quiahije municipio que se encuentra a pocos minutos de Santa Catarina Juquila\u201d, dieron a conocer en un perfil de Facebook.<\/p>\n\n\n\n<p>Doce horas despu\u00e9s fue liberada pero bajo la condici\u00f3n de que no presentara denuncia formal alguna, e incluso el secretario municipal se habr\u00eda comunicado con el Ministerio P\u00fablico para no recibir quejas relacionadas con ese caso.<\/p>\n","protected":false},"excerpt":{"rendered":"<p>Ismael Garc\u00eda M.\/Zona Roja. Oaxaca de Ju\u00e1rez, Oax., a 6 de octubre de 2023.- Una&hellip;<\/p>\n","protected":false},"author":2,"featured_media":60660,"comment_status":"closed","ping_status":"open","sticky":false,"template":"","format":"standard","meta":{"_lmt_disableupdate":"","_lmt_disable":"","_jetpack_memberships_contains_paid_content":false,"footnotes":""},"categories":[109,47],"tags":[3696],"class_list":["post-60658","post","type-post","status-publish","format-standard","has-post-thumbnail","hentry","category-minuto-a-minuto","category-zona-gris","tag-san-juan-quiahije"],"jetpack_featured_media_url":"https:\/\/zonaroja.com.mx\/wp-content\/uploads\/2023\/10\/Adolescente-San-Juan-Quiahuje-encarcelada.jpg","jetpack_sharing_enabled":true,"_links":{"self":[{"href":"https:\/\/zonaroja.com.mx\/index.php?rest_route=\/wp\/v2\/posts\/60658","targetHints":{"allow":["GET"]}}],"collection":[{"href":"https:\/\/zonaroja.com.mx\/index.php?rest_route=\/wp\/v2\/posts"}],"about":[{"href":"https:\/\/zonaroja.com.mx\/index.php?rest_route=\/wp\/v2\/types\/post"}],"author":[{"embeddable":true,"href":"https:\/\/zonaroja.com.mx\/index.php?rest_route=\/wp\/v2\/users\/2"}],"replies":[{"embeddable":true,"href":"https:\/\/zonaroja.com.mx\/index.php?rest_route=%2Fwp%2Fv2%2Fcomments&post=60658"}],"version-history":[{"count":1,"href":"https:\/\/zonaroja.com.mx\/index.php?rest_route=\/wp\/v2\/posts\/60658\/revisions"}],"predecessor-version":[{"id":60661,"href":"https:\/\/zonaroja.com.mx\/index.php?rest_route=\/wp\/v2\/posts\/60658\/revisions\/60661"}],"wp:featuredmedia":[{"embeddable":true,"href":"https:\/\/zonaroja.com.mx\/index.php?rest_route=\/wp\/v2\/media\/60660"}],"wp:attachment":[{"href":"https:\/\/zonaroja.com.mx\/index.php?rest_route=%2Fwp%2Fv2%2Fmedia&parent=60658"}],"wp:term":[{"taxonomy":"category","embeddable":true,"href":"https:\/\/zonaroja.com.mx\/index.php?rest_route=%2Fwp%2Fv2%2Fcategories&post=60658"},{"taxonomy":"post_tag","embeddable":true,"href":"https:\/\/zonaroja.com.mx\/index.php?rest_route=%2Fwp%2Fv2%2Ftags&post=60658"}],"curies":[{"name":"wp","href":"https:\/\/api.w.org\/{rel}","templated":true}]}}