{"id":60662,"date":"2023-10-06T09:30:52","date_gmt":"2023-10-06T14:30:52","guid":{"rendered":"http:\/\/www.zonaroja.com.mx\/?p=60662"},"modified":"2023-10-06T09:30:53","modified_gmt":"2023-10-06T14:30:53","slug":"otra-tragedia-de-migrantes-mueren-al-menos-18-en-accidente","status":"publish","type":"post","link":"https:\/\/zonaroja.com.mx\/?p=60662","title":{"rendered":"Otra tragedia de migrantes: mueren al menos 18 en accidente"},"content":{"rendered":"\n<p>Ismael Garc\u00eda M.\/Zona Roja.<\/p>\n\n\n\n<p>Oaxaca de Ju\u00e1rez, Oax., a 6 de octubre de 2023.- Otra tragedia de migrantes ocurri\u00f3 la madrugada de hoy en Oaxaca.<\/p>\n\n\n\n<p>Un autob\u00fas volc\u00f3 alrededor de las 04:00 horas de hoy en a supercarretera Oaxaca-Cuacnopalan, con saldo preliminar de 18 personas fallecidas y al menos 30 lesionadas.<\/p>\n\n\n\n<p>El percance ocurri\u00f3 aproximadamente en el kil\u00f3metro 91, cerca del puente \u201cCalapa\u201d en los l\u00edmites de Oaxaca con el estado de Puebla.<\/p>\n\n\n\n<p>La mayor\u00eda de los lesionados han sido trasladados a hospitales de la ciudad de Tehuac\u00e1n y hasta esta ma\u00f1ana contin\u00faan las labores de rescate, por parte de corporaciones de auxilio y rescate.<\/p>\n\n\n\n<p>Hasta el momento la Coordinaci\u00f3n Estatal de Protecci\u00f3n Civil no ha emitido ninguna informaci\u00f3n al respecto,<\/p>\n","protected":false},"excerpt":{"rendered":"<p>Ismael Garc\u00eda M.\/Zona Roja. Oaxaca de Ju\u00e1rez, Oax., a 6 de octubre de 2023.- Otra&hellip;<\/p>\n","protected":false},"author":2,"featured_media":60659,"comment_status":"closed","ping_status":"open","sticky":false,"template":"","format":"standard","meta":{"_lmt_disableupdate":"","_lmt_disable":"","_jetpack_memberships_contains_paid_content":false,"footnotes":""},"categories":[109,51],"tags":[676],"class_list":["post-60662","post","type-post","status-publish","format-standard","has-post-thumbnail","hentry","category-minuto-a-minuto","category-zona-roja","tag-accidente-supercarretera-oaxaca-cuacnopalan"],"jetpack_featured_media_url":"https:\/\/zonaroja.com.mx\/wp-content\/uploads\/2023\/10\/Autobus-accidente-migrantes-supercarrtera-Oaxaca-Cuacnopalan.jpeg","jetpack_sharing_enabled":true,"_links":{"self":[{"href":"https:\/\/zonaroja.com.mx\/index.php?rest_route=\/wp\/v2\/posts\/60662","targetHints":{"allow":["GET"]}}],"collection":[{"href":"https:\/\/zonaroja.com.mx\/index.php?rest_route=\/wp\/v2\/posts"}],"about":[{"href":"https:\/\/zonaroja.com.mx\/index.php?rest_route=\/wp\/v2\/types\/post"}],"author":[{"embeddable":true,"href":"https:\/\/zonaroja.com.mx\/index.php?rest_route=\/wp\/v2\/users\/2"}],"replies":[{"embeddable":true,"href":"https:\/\/zonaroja.com.mx\/index.php?rest_route=%2Fwp%2Fv2%2Fcomments&post=60662"}],"version-history":[{"count":1,"href":"https:\/\/zonaroja.com.mx\/index.php?rest_route=\/wp\/v2\/posts\/60662\/revisions"}],"predecessor-version":[{"id":60663,"href":"https:\/\/zonaroja.com.mx\/index.php?rest_route=\/wp\/v2\/posts\/60662\/revisions\/60663"}],"wp:featuredmedia":[{"embeddable":true,"href":"https:\/\/zonaroja.com.mx\/index.php?rest_route=\/wp\/v2\/media\/60659"}],"wp:attachment":[{"href":"https:\/\/zonaroja.com.mx\/index.php?rest_route=%2Fwp%2Fv2%2Fmedia&parent=60662"}],"wp:term":[{"taxonomy":"category","embeddable":true,"href":"https:\/\/zonaroja.com.mx\/index.php?rest_route=%2Fwp%2Fv2%2Fcategories&post=60662"},{"taxonomy":"post_tag","embeddable":true,"href":"https:\/\/zonaroja.com.mx\/index.php?rest_route=%2Fwp%2Fv2%2Ftags&post=60662"}],"curies":[{"name":"wp","href":"https:\/\/api.w.org\/{rel}","templated":true}]}}