{"id":60664,"date":"2023-10-06T14:30:00","date_gmt":"2023-10-06T19:30:00","guid":{"rendered":"http:\/\/www.zonaroja.com.mx\/?p=60664"},"modified":"2023-10-06T09:32:59","modified_gmt":"2023-10-06T14:32:59","slug":"invalida-la-suprema-corte-de-justicia-cobros-municipales-en-oaxaca","status":"publish","type":"post","link":"https:\/\/zonaroja.com.mx\/?p=60664","title":{"rendered":"Invalida la Suprema Corte de Justicia cobros municipales en Oaxaca"},"content":{"rendered":"\n<p>Redacci\u00f3n\/Zona Roja Cdmx.<\/p>\n\n\n\n<p>Ciudad de M\u00e9xico, a 6 de octubre de 2023.- El pleno de la Suprema Corte de Justicia de la Naci\u00f3n (SCJN) declar\u00f3 inconstitucionales diversas leyes de ingresos de municipios de Oaxaca, que pretend\u00edan imponer cobros por servicios de alumbrado p\u00fablico y b\u00fasqueda de documentos, as\u00ed como imponer multas por organizar o tomar parte en juegos, celebraciones en lugares p\u00fablicos o actividades que \u201ccausen molestias\u201d, adem\u00e1s de sancionar a quienes no portaran cubrebocas en la v\u00eda p\u00fablica.&nbsp;<\/p>\n\n\n\n<p>La SCJN tambi\u00e9n declar\u00f3 inv\u00e1lidas las disposiciones que facultaban a la Secretar\u00eda de Finanzas de Tamaulipas para realizar ajustes presupuestarios, transfiriendo recursos a los programas que el gobierno local considerara prioritarios, adem\u00e1s de autorizar movimientos financieros en diversas partidas, con lo cual se violaba la Ley de Disciplina Financiera establecida para impedir que las entidades federativas contraten deuda sin control de sus congresos.<\/p>\n\n\n\n<p>Respecto a Oaxaca, los ministros aprobaron la acci\u00f3n de inconstitucionalidad 107\/2023, promovida por el Poder Ejecutivo Federal.<\/p>\n\n\n\n<p>(Informaci\u00f3n de \u201cLa Jornada\u201d)<\/p>\n","protected":false},"excerpt":{"rendered":"<p>Redacci\u00f3n\/Zona Roja Cdmx. Ciudad de M\u00e9xico, a 6 de octubre de 2023.- El pleno de&hellip;<\/p>\n","protected":false},"author":2,"featured_media":51630,"comment_status":"closed","ping_status":"open","sticky":false,"template":"","format":"standard","meta":{"_lmt_disableupdate":"","_lmt_disable":"","_jetpack_memberships_contains_paid_content":false,"footnotes":""},"categories":[109,47],"tags":[2878],"class_list":["post-60664","post","type-post","status-publish","format-standard","has-post-thumbnail","hentry","category-minuto-a-minuto","category-zona-gris","tag-suprema-corte-de-justicia-de-la-nacion-scjn"],"jetpack_featured_media_url":"https:\/\/zonaroja.com.mx\/wp-content\/uploads\/2023\/02\/Baston-de-mando-gobierno-municipal-Oaxaca.jpg","jetpack_sharing_enabled":true,"_links":{"self":[{"href":"https:\/\/zonaroja.com.mx\/index.php?rest_route=\/wp\/v2\/posts\/60664","targetHints":{"allow":["GET"]}}],"collection":[{"href":"https:\/\/zonaroja.com.mx\/index.php?rest_route=\/wp\/v2\/posts"}],"about":[{"href":"https:\/\/zonaroja.com.mx\/index.php?rest_route=\/wp\/v2\/types\/post"}],"author":[{"embeddable":true,"href":"https:\/\/zonaroja.com.mx\/index.php?rest_route=\/wp\/v2\/users\/2"}],"replies":[{"embeddable":true,"href":"https:\/\/zonaroja.com.mx\/index.php?rest_route=%2Fwp%2Fv2%2Fcomments&post=60664"}],"version-history":[{"count":1,"href":"https:\/\/zonaroja.com.mx\/index.php?rest_route=\/wp\/v2\/posts\/60664\/revisions"}],"predecessor-version":[{"id":60665,"href":"https:\/\/zonaroja.com.mx\/index.php?rest_route=\/wp\/v2\/posts\/60664\/revisions\/60665"}],"wp:featuredmedia":[{"embeddable":true,"href":"https:\/\/zonaroja.com.mx\/index.php?rest_route=\/wp\/v2\/media\/51630"}],"wp:attachment":[{"href":"https:\/\/zonaroja.com.mx\/index.php?rest_route=%2Fwp%2Fv2%2Fmedia&parent=60664"}],"wp:term":[{"taxonomy":"category","embeddable":true,"href":"https:\/\/zonaroja.com.mx\/index.php?rest_route=%2Fwp%2Fv2%2Fcategories&post=60664"},{"taxonomy":"post_tag","embeddable":true,"href":"https:\/\/zonaroja.com.mx\/index.php?rest_route=%2Fwp%2Fv2%2Ftags&post=60664"}],"curies":[{"name":"wp","href":"https:\/\/api.w.org\/{rel}","templated":true}]}}