{"id":60666,"date":"2023-10-06T15:57:42","date_gmt":"2023-10-06T20:57:42","guid":{"rendered":"http:\/\/www.zonaroja.com.mx\/?p=60666"},"modified":"2023-10-06T15:58:25","modified_gmt":"2023-10-06T20:58:25","slug":"tras-indagatorias-rectifica-son-16-migrantes-muertos-por-accidente-vial","status":"publish","type":"post","link":"https:\/\/zonaroja.com.mx\/?p=60666","title":{"rendered":"Tras indagatorias, rectifican: son 16 migrantes muertos por accidente vial"},"content":{"rendered":"\n<p>Redacci\u00f3n\/Zona Roja.<\/p>\n\n\n\n<p>Oaxaca de Ju\u00e1rez, Oax., a 6 de octubre de 2023.- Los trabajos periciales efectuados por la Fiscal\u00eda General del Estado de Oaxaca (FGEO) en el accidente carretero ocurrido en el kil\u00f3metro 88+50 de la s\u00faper carretera Oaxaca- Cuacnopalan la ma\u00f1ana de este viernes 6 de octubre, permitieron corroborar el fallecimiento de 16 personas migrantes en el lugar, y no 18 como en un primer momento se dio a conocer como saldo preliminar.<\/p>\n\n\n\n<p>Los cuerpos fueron trasladados a la Direcci\u00f3n de Servicios Periciales de la instituci\u00f3n, ubicada en San Bartolo Coyotepec, para llevar a cabo el reconocimiento de las mismas.<\/p>\n\n\n\n<p>La Fiscal\u00eda de Oaxaca reitera que todas las v\u00edctimas del percance carretero eran originarias de Venezuela y Hait\u00ed y, de acuerdo con las primeras investigaciones, viajaban en el autob\u00fas de pasajeros con placas de circulaci\u00f3n 938-RP-5, mismo que se accident\u00f3 y volc\u00f3 alrededor de las cinco horas de este viernes.<\/p>\n\n\n\n<p>Se tiene tambi\u00e9n conocimiento de 27 pasajeros lesionados, quienes fueron trasladados a hospitales de Tehuac\u00e1n, Tecamachalco, Sur y Peaca.<\/p>\n\n\n\n<p>Como parte de los trabajos ministeriales efectuados por la FGEO, se realizan labores periciales para tener certeza cient\u00edfica sobre la manera en que sucedieron los hechos para establecer las responsabilidades resultantes del accidente.<\/p>\n\n\n\n<p>APOYA GOBIERNO<\/p>\n\n\n\n<p>El Gobernador del Estado, Salom\u00f3n Jara Cruz, lamenta profundamente el accidente ocurrido en la autopista Oaxaca-Cuacnopalan en el que personas migrantes fallecieron, por lo que gir\u00f3 instrucciones a las diferentes dependencias para brindar apoyo y atenci\u00f3n a las personas afectadas.<\/p>\n\n\n\n<p>En este sentido, la Coordinaci\u00f3n Estatal de Protecci\u00f3n Civil y Gesti\u00f3n de Riesgos (CEPCyGR) activ\u00f3 el protocolo de seguridad e intervino de manera inmediata ante la volcadura del autob\u00fas de la l\u00ednea Turismo Xoxo que transportaba a 55 personas migrantes de nacionalidad venezolana y haitiana.<\/p>\n","protected":false},"excerpt":{"rendered":"<p>Redacci\u00f3n\/Zona Roja. Oaxaca de Ju\u00e1rez, Oax., a 6 de octubre de 2023.- Los trabajos periciales&hellip;<\/p>\n","protected":false},"author":2,"featured_media":60667,"comment_status":"closed","ping_status":"open","sticky":false,"template":"","format":"standard","meta":{"_lmt_disableupdate":"","_lmt_disable":"","_jetpack_memberships_contains_paid_content":false,"footnotes":""},"categories":[109,47],"tags":[676,3641],"class_list":["post-60666","post","type-post","status-publish","format-standard","has-post-thumbnail","hentry","category-minuto-a-minuto","category-zona-gris","tag-accidente-supercarretera-oaxaca-cuacnopalan","tag-migrantes-en-oaxaca"],"jetpack_featured_media_url":"https:\/\/zonaroja.com.mx\/wp-content\/uploads\/2023\/10\/Migrantes-accidente-supercarretera-Oaxaca.jpg","jetpack_sharing_enabled":true,"_links":{"self":[{"href":"https:\/\/zonaroja.com.mx\/index.php?rest_route=\/wp\/v2\/posts\/60666","targetHints":{"allow":["GET"]}}],"collection":[{"href":"https:\/\/zonaroja.com.mx\/index.php?rest_route=\/wp\/v2\/posts"}],"about":[{"href":"https:\/\/zonaroja.com.mx\/index.php?rest_route=\/wp\/v2\/types\/post"}],"author":[{"embeddable":true,"href":"https:\/\/zonaroja.com.mx\/index.php?rest_route=\/wp\/v2\/users\/2"}],"replies":[{"embeddable":true,"href":"https:\/\/zonaroja.com.mx\/index.php?rest_route=%2Fwp%2Fv2%2Fcomments&post=60666"}],"version-history":[{"count":2,"href":"https:\/\/zonaroja.com.mx\/index.php?rest_route=\/wp\/v2\/posts\/60666\/revisions"}],"predecessor-version":[{"id":60669,"href":"https:\/\/zonaroja.com.mx\/index.php?rest_route=\/wp\/v2\/posts\/60666\/revisions\/60669"}],"wp:featuredmedia":[{"embeddable":true,"href":"https:\/\/zonaroja.com.mx\/index.php?rest_route=\/wp\/v2\/media\/60667"}],"wp:attachment":[{"href":"https:\/\/zonaroja.com.mx\/index.php?rest_route=%2Fwp%2Fv2%2Fmedia&parent=60666"}],"wp:term":[{"taxonomy":"category","embeddable":true,"href":"https:\/\/zonaroja.com.mx\/index.php?rest_route=%2Fwp%2Fv2%2Fcategories&post=60666"},{"taxonomy":"post_tag","embeddable":true,"href":"https:\/\/zonaroja.com.mx\/index.php?rest_route=%2Fwp%2Fv2%2Ftags&post=60666"}],"curies":[{"name":"wp","href":"https:\/\/api.w.org\/{rel}","templated":true}]}}