{"id":60670,"date":"2023-10-06T20:36:48","date_gmt":"2023-10-07T01:36:48","guid":{"rendered":"http:\/\/www.zonaroja.com.mx\/?p=60670"},"modified":"2023-10-06T20:36:49","modified_gmt":"2023-10-07T01:36:49","slug":"otro-accidente-carretero-fatal-en-oaxaca-mueren-cinco-personas","status":"publish","type":"post","link":"https:\/\/zonaroja.com.mx\/?p=60670","title":{"rendered":"Otro accidente carretero fatal en Oaxaca: mueren cinco personas"},"content":{"rendered":"\n<p>Redacci\u00f3n\/Zona Roja.<\/p>\n\n\n\n<p>Oaxaca de Ju\u00e1rez, Oax., a 6 de octubre de 2023.- Cinco personas fallecidas es el saldo preliminar de un accidente carretero ocurrido la madrugada de hoy en la v\u00eda federal Oaxaca-Puerto \u00c1ngel.<\/p>\n\n\n\n<p>De acuerdo con datos preliminares, por causas que a\u00fan se desconocen, un veh\u00edculo particular volc\u00f3 a una hondonada de m\u00e1s de 100 metros, a la altura del kil\u00f3metro 165, en inmediaciones de la comunidad de El Porvenir.<\/p>\n\n\n\n<p>No fue sino al comenzar a clarear el d\u00eda en que se dio cuenta del fatal percance por lo cual los vecinos llamaron a las autoridades; corporaciones policiacas y de socorro arribaron al sitio, donde laboraron por m\u00e1s de seis horas.<\/p>\n\n\n\n<p>En el sitio, fueron localizados al menos cuatro cuerpos de personas del sexo femenino y uno de un masculino; presuntamente son originarios del estado de Puebla.<\/p>\n\n\n\n<p>La Fiscal\u00eda General del Estado de Oaxaca inici\u00f3 las indagatorias correspondientes, con la finalidad de deslindar responsabilidades.<\/p>\n","protected":false},"excerpt":{"rendered":"<p>Redacci\u00f3n\/Zona Roja. Oaxaca de Ju\u00e1rez, Oax., a 6 de octubre de 2023.- Cinco personas fallecidas&hellip;<\/p>\n","protected":false},"author":2,"featured_media":60671,"comment_status":"closed","ping_status":"open","sticky":false,"template":"","format":"standard","meta":{"_lmt_disableupdate":"","_lmt_disable":"","_jetpack_memberships_contains_paid_content":false,"footnotes":""},"categories":[109,51],"tags":[3416],"class_list":["post-60670","post","type-post","status-publish","format-standard","has-post-thumbnail","hentry","category-minuto-a-minuto","category-zona-roja","tag-accidentes-carreteros-oaxaca"],"jetpack_featured_media_url":"https:\/\/zonaroja.com.mx\/wp-content\/uploads\/2023\/10\/Accidente-cinco-muertos-Sierra-Sur-Oaxaca.jpg","jetpack_sharing_enabled":true,"_links":{"self":[{"href":"https:\/\/zonaroja.com.mx\/index.php?rest_route=\/wp\/v2\/posts\/60670","targetHints":{"allow":["GET"]}}],"collection":[{"href":"https:\/\/zonaroja.com.mx\/index.php?rest_route=\/wp\/v2\/posts"}],"about":[{"href":"https:\/\/zonaroja.com.mx\/index.php?rest_route=\/wp\/v2\/types\/post"}],"author":[{"embeddable":true,"href":"https:\/\/zonaroja.com.mx\/index.php?rest_route=\/wp\/v2\/users\/2"}],"replies":[{"embeddable":true,"href":"https:\/\/zonaroja.com.mx\/index.php?rest_route=%2Fwp%2Fv2%2Fcomments&post=60670"}],"version-history":[{"count":1,"href":"https:\/\/zonaroja.com.mx\/index.php?rest_route=\/wp\/v2\/posts\/60670\/revisions"}],"predecessor-version":[{"id":60672,"href":"https:\/\/zonaroja.com.mx\/index.php?rest_route=\/wp\/v2\/posts\/60670\/revisions\/60672"}],"wp:featuredmedia":[{"embeddable":true,"href":"https:\/\/zonaroja.com.mx\/index.php?rest_route=\/wp\/v2\/media\/60671"}],"wp:attachment":[{"href":"https:\/\/zonaroja.com.mx\/index.php?rest_route=%2Fwp%2Fv2%2Fmedia&parent=60670"}],"wp:term":[{"taxonomy":"category","embeddable":true,"href":"https:\/\/zonaroja.com.mx\/index.php?rest_route=%2Fwp%2Fv2%2Fcategories&post=60670"},{"taxonomy":"post_tag","embeddable":true,"href":"https:\/\/zonaroja.com.mx\/index.php?rest_route=%2Fwp%2Fv2%2Ftags&post=60670"}],"curies":[{"name":"wp","href":"https:\/\/api.w.org\/{rel}","templated":true}]}}