{"id":60673,"date":"2023-10-06T22:09:46","date_gmt":"2023-10-07T03:09:46","guid":{"rendered":"http:\/\/www.zonaroja.com.mx\/?p=60673"},"modified":"2023-10-06T22:09:48","modified_gmt":"2023-10-07T03:09:48","slug":"ediles-de-juchitan-y-salina-cruz-dejan-a-poblacion-en-manos-de-la-delincuencia","status":"publish","type":"post","link":"https:\/\/zonaroja.com.mx\/?p=60673","title":{"rendered":"Ediles de Juchit\u00e1n y Salina Cruz dejan a poblaci\u00f3n en manos de la delincuencia"},"content":{"rendered":"\n<p>Redacci\u00f3n\/Zona Roja.<\/p>\n\n\n\n<p>Oaxaca de Ju\u00e1rez, Oax., a 6 de octubre de 2023.- Una persona fue asesinada a balazos en Salina Cruz y otra en Juchit\u00e1n de Zaragoza, municipios gobernados por ediles del Partido Morena y que han dejado a la poblaci\u00f3n en manos de la delincuencia.<\/p>\n\n\n\n<p>En la ciudad y puerto de Salina Cruz, cuyo presidente municipal es Daniel M\u00e9ndez Sosa, esta tarde fue ultimado a balazos un taxista, en la calle Morelos de la colonia Barrio Nuevo.<\/p>\n\n\n\n<p>El hombre conduc\u00eda una unidad con n\u00famero econ\u00f3mico 370 del sitio \u201cSan Pablo\u201d, con placas de circulaci\u00f3n 2351-SJN, cuado fue acribillado; hasta el momento no ha sido identificado.<\/p>\n\n\n\n<p>Mientras que en Juchit\u00e1n de Zaragoza, la ma\u00f1ana de hoy un individuo fue ultimado a balazos y su cuerpo arrojado en un terreno bald\u00edo.<\/p>\n\n\n\n<p>Fue localizado cerca del puente \u201cBurra\u201d de la S\u00e9ptima Secci\u00f3n y de manera preliminar fue identificado como Jos\u00e9 \u201cN\u201d, quien ten\u00eda su domicilio en la colonia San Isidro.<\/p>\n\n\n\n<p>Mientras tanto, la ma\u00f1ana de hoy en un hospital de Juchit\u00e1n muri\u00f3 una de las tres personas atacadas anoche a balazos, en un domicilio de la colonia 19 de Marzo.<\/p>\n\n\n\n<p>La v\u00edctima fatal fue identificada como Jos\u00e9 Armando V. G., de 16 a\u00f1os de edad y era originario del estado de Chiapas; dos personas m\u00e1s, entre ellas un menor de cuatro a\u00f1os de edad, siguen recibiendo atenci\u00f3n m\u00e9dica.<\/p>\n\n\n\n<p>Juchit\u00e1n es gobernado por el edil Miguel S\u00e1nchez Altamirano, del Partido Morena y sucesor de Emilio Montero P\u00e9rez.<\/p>\n","protected":false},"excerpt":{"rendered":"<p>Redacci\u00f3n\/Zona Roja. Oaxaca de Ju\u00e1rez, Oax., a 6 de octubre de 2023.- Una persona fue&hellip;<\/p>\n","protected":false},"author":2,"featured_media":60674,"comment_status":"closed","ping_status":"open","sticky":false,"template":"","format":"standard","meta":{"_lmt_disableupdate":"","_lmt_disable":"","_jetpack_memberships_contains_paid_content":false,"footnotes":""},"categories":[109,51],"tags":[123,168],"class_list":["post-60673","post","type-post","status-publish","format-standard","has-post-thumbnail","hentry","category-minuto-a-minuto","category-zona-roja","tag-juchitan-de-zaragoza","tag-salina-cruz"],"jetpack_featured_media_url":"https:\/\/zonaroja.com.mx\/wp-content\/uploads\/2023\/10\/Ejecutado-taxista-Salina-Cruz.jpg","jetpack_sharing_enabled":true,"_links":{"self":[{"href":"https:\/\/zonaroja.com.mx\/index.php?rest_route=\/wp\/v2\/posts\/60673","targetHints":{"allow":["GET"]}}],"collection":[{"href":"https:\/\/zonaroja.com.mx\/index.php?rest_route=\/wp\/v2\/posts"}],"about":[{"href":"https:\/\/zonaroja.com.mx\/index.php?rest_route=\/wp\/v2\/types\/post"}],"author":[{"embeddable":true,"href":"https:\/\/zonaroja.com.mx\/index.php?rest_route=\/wp\/v2\/users\/2"}],"replies":[{"embeddable":true,"href":"https:\/\/zonaroja.com.mx\/index.php?rest_route=%2Fwp%2Fv2%2Fcomments&post=60673"}],"version-history":[{"count":1,"href":"https:\/\/zonaroja.com.mx\/index.php?rest_route=\/wp\/v2\/posts\/60673\/revisions"}],"predecessor-version":[{"id":60675,"href":"https:\/\/zonaroja.com.mx\/index.php?rest_route=\/wp\/v2\/posts\/60673\/revisions\/60675"}],"wp:featuredmedia":[{"embeddable":true,"href":"https:\/\/zonaroja.com.mx\/index.php?rest_route=\/wp\/v2\/media\/60674"}],"wp:attachment":[{"href":"https:\/\/zonaroja.com.mx\/index.php?rest_route=%2Fwp%2Fv2%2Fmedia&parent=60673"}],"wp:term":[{"taxonomy":"category","embeddable":true,"href":"https:\/\/zonaroja.com.mx\/index.php?rest_route=%2Fwp%2Fv2%2Fcategories&post=60673"},{"taxonomy":"post_tag","embeddable":true,"href":"https:\/\/zonaroja.com.mx\/index.php?rest_route=%2Fwp%2Fv2%2Ftags&post=60673"}],"curies":[{"name":"wp","href":"https:\/\/api.w.org\/{rel}","templated":true}]}}