{"id":60676,"date":"2023-10-06T23:15:30","date_gmt":"2023-10-07T04:15:30","guid":{"rendered":"http:\/\/www.zonaroja.com.mx\/?p=60676"},"modified":"2023-10-06T23:15:32","modified_gmt":"2023-10-07T04:15:32","slug":"conflictos-educativos-generan-tres-protestas-y-bloqueos-en-oaxaca","status":"publish","type":"post","link":"https:\/\/zonaroja.com.mx\/?p=60676","title":{"rendered":"Conflictos educativos generan tres protestas y bloqueos en Oaxaca"},"content":{"rendered":"\n<p>Ismael Garc\u00eda M.\/Zona Roja.<\/p>\n\n\n\n<p>Oaxaca de Ju\u00e1rez, Oax., a 6 de octubre de 2023.- De nueva cuenta los problemas educativos detonaron en Oaxaca y generaron este viernes tres protestas con bloqueos, en la capital.<\/p>\n\n\n\n<p>A muy temprana hora, habitantes del barrio de Xochimilco bloquearon la calzada H\u00e9roes de Chapultepec, cerca del cruce con la calle Porfirio D\u00edaz.<\/p>\n\n\n\n<p>Lo anterior para defender el centro preescolar de dicho asentamiento, que aseguran se pretende desaparecer para convertirlo en una \u201cCasa de D\u00eda\u201d.<\/p>\n\n\n\n<p>Personal de la Secretar\u00eda de Gobierno (Sego) arrib\u00f3 a la zona para dialogar con los inconformes, pero \u00e9stos recriminaron que desde hace tres d\u00edas hab\u00edan solicitado audiencia con las autoridades, para que atendieran el caso; por la tarde fue retirado el bloqueo.<\/p>\n\n\n\n<p>Tambi\u00e9n por la ma\u00f1ana pero en el jard\u00edn de ni\u00f1os \u201cRodolfo Morales\u201d de la agencia de San Mart\u00edn Mexic\u00e1pam, en la capital, un grupo de padres de familia cerr\u00f3 el plantel, para exigir la permanencia de una docente de nombre Paloma.<\/p>\n\n\n\n<p>Seg\u00fan los manifestantes, de manera continua han cambiado al personal docente, lo que ha afectado la ense\u00f1anza de la ni\u00f1ez; tambi\u00e9n por la tarde retiraron su protesta.<\/p>\n\n\n\n<p>Mientras que por segundo d\u00eda, supervisores y jefes de zonas educativas, afiliados a la Secci\u00f3n 22 del Sindicato Nacional de Trabajadores de la Educaci\u00f3n, bloquearon la avenida Ju\u00e1rez esquina con Berrioz\u00e1bal.<\/p>\n\n\n\n<p>Ello en exigencia de equipos y materiales de trabajo, as\u00ed como reemplazo de plazas pendientes, entre otras demandas; se retiraron cerca de las cuatro de la tarde.<\/p>\n\n\n\n<p>En los tres casos, el Instituto Estatal de Educaci\u00f3n P\u00fablica de Oaxaca no ha dado a conocer si atendi\u00f3 y, en su caso, resolvi\u00f3 las problem\u00e1ticas planteadas.<\/p>\n","protected":false},"excerpt":{"rendered":"<p>Ismael Garc\u00eda M.\/Zona Roja. Oaxaca de Ju\u00e1rez, Oax., a 6 de octubre de 2023.- De&hellip;<\/p>\n","protected":false},"author":2,"featured_media":60677,"comment_status":"closed","ping_status":"open","sticky":false,"template":"","format":"standard","meta":{"_lmt_disableupdate":"","_lmt_disable":"","_jetpack_memberships_contains_paid_content":false,"footnotes":""},"categories":[109,47],"tags":[2254],"class_list":["post-60676","post","type-post","status-publish","format-standard","has-post-thumbnail","hentry","category-minuto-a-minuto","category-zona-gris","tag-protestas-y-bloqueos-oaxaca"],"jetpack_featured_media_url":"https:\/\/zonaroja.com.mx\/wp-content\/uploads\/2023\/10\/Protestas-educativas-Oaxaca.jpg","jetpack_sharing_enabled":true,"_links":{"self":[{"href":"https:\/\/zonaroja.com.mx\/index.php?rest_route=\/wp\/v2\/posts\/60676","targetHints":{"allow":["GET"]}}],"collection":[{"href":"https:\/\/zonaroja.com.mx\/index.php?rest_route=\/wp\/v2\/posts"}],"about":[{"href":"https:\/\/zonaroja.com.mx\/index.php?rest_route=\/wp\/v2\/types\/post"}],"author":[{"embeddable":true,"href":"https:\/\/zonaroja.com.mx\/index.php?rest_route=\/wp\/v2\/users\/2"}],"replies":[{"embeddable":true,"href":"https:\/\/zonaroja.com.mx\/index.php?rest_route=%2Fwp%2Fv2%2Fcomments&post=60676"}],"version-history":[{"count":1,"href":"https:\/\/zonaroja.com.mx\/index.php?rest_route=\/wp\/v2\/posts\/60676\/revisions"}],"predecessor-version":[{"id":60678,"href":"https:\/\/zonaroja.com.mx\/index.php?rest_route=\/wp\/v2\/posts\/60676\/revisions\/60678"}],"wp:featuredmedia":[{"embeddable":true,"href":"https:\/\/zonaroja.com.mx\/index.php?rest_route=\/wp\/v2\/media\/60677"}],"wp:attachment":[{"href":"https:\/\/zonaroja.com.mx\/index.php?rest_route=%2Fwp%2Fv2%2Fmedia&parent=60676"}],"wp:term":[{"taxonomy":"category","embeddable":true,"href":"https:\/\/zonaroja.com.mx\/index.php?rest_route=%2Fwp%2Fv2%2Fcategories&post=60676"},{"taxonomy":"post_tag","embeddable":true,"href":"https:\/\/zonaroja.com.mx\/index.php?rest_route=%2Fwp%2Fv2%2Ftags&post=60676"}],"curies":[{"name":"wp","href":"https:\/\/api.w.org\/{rel}","templated":true}]}}