{"id":60679,"date":"2023-10-07T08:05:17","date_gmt":"2023-10-07T13:05:17","guid":{"rendered":"http:\/\/www.zonaroja.com.mx\/?p=60679"},"modified":"2023-10-07T08:05:20","modified_gmt":"2023-10-07T13:05:20","slug":"danos-materiales-menores-saldo-del-sismo-de-anoche-reporta-gobierno","status":"publish","type":"post","link":"https:\/\/zonaroja.com.mx\/?p=60679","title":{"rendered":"Da\u00f1os materiales menores, saldo del sismo de anoche, reporta gobierno"},"content":{"rendered":"\n<p>Redacci\u00f3n\/Zona Roja.<\/p>\n\n\n\n<p>Oaxaca de Ju\u00e1rez, Oax., 7 de octubre de 2023.- Por instrucciones del Gobernador del Estado, Salom\u00f3n Jara Cruz, se instal\u00f3 en sesi\u00f3n extraordinaria el Consejo Estatal de Protecci\u00f3n Civil y Gesti\u00f3n de Riesgos, para evaluar posibles da\u00f1os provocados por el sismo de magnitud 6.0 registrado la noche de este viernes y que tuvo como epicentro el municipio de Mat\u00edas Romero Avenda\u00f1o.<\/p>\n\n\n\n<p>De acuerdo con datos preliminares, al momento se tiene saldo blanco en las ocho regiones y no se reporta la p\u00e9rdida de vidas humanas, ni personas lesionadas y solo se registran da\u00f1os materiales.<\/p>\n\n\n\n<p>En la regi\u00f3n del Istmo y en espec\u00edfico, en Mat\u00edas Romero Avenda\u00f1o, no se presentaron da\u00f1os.<\/p>\n\n\n\n<p>Por instrucciones del mandatario estatal, se desplegaron todas las dependencias del Gobierno del Estado de Oaxaca, as\u00ed como la Polic\u00eda Estatal, Guardia Nacional, la Secretar\u00eda de la Defensa Nacional del gobierno federal, presidentes municipales para revisar posibles afectaciones&nbsp;<\/p>\n\n\n\n<p>Entre las afectaciones se dio a conocer que la barda del atrio del templo cat\u00f3lico del municipio de San Sebasti\u00e1n Tutla en los Valles Centrales result\u00f3 con algunos da\u00f1os.&nbsp;<\/p>\n\n\n\n<p>Asimismo, se presentaron cortes de luz moment\u00e1neos, mismos que fueron reportados a la Comisi\u00f3n Federal de Electricidad (CFE), la cual trabaja para restablecer el servicio<\/p>\n\n\n\n<p>En tanto, no se registran da\u00f1os materiales en la infraestructura hospitalaria de las ocho regiones, pero se contin\u00faa con el monitoreo de hospitales, cl\u00ednicas, centros y casas de salud para descartar alg\u00fan posible da\u00f1o.<\/p>\n\n\n\n<p>En el caso del Hospital General \u201cDr. Aurelio Valdivieso\u201d de la capital oaxaque\u00f1a, trascendi\u00f3 se hab\u00edan presentado fisuras; sin embargo, estas fallas son antiguas y no debido a este movimiento tel\u00farico.<\/p>\n\n\n\n<p>Con base a los primeros reportes, se registran algunos derrumbes en el tramo carretero Las \u00c1nimas-San Jos\u00e9 de Gracia, de la carretera federal 190 Oaxaca \u2013 Istmo que obstaculizaron el tr\u00e1nsito vehicular.<\/p>\n\n\n\n<p>Con relaci\u00f3n al puente elevado ubicado en el municipio de Talixtac de Cabrera en los Valles Centrales el cual presuntamente presenta da\u00f1os en su estructura, despu\u00e9s de una primera evaluaci\u00f3n, se descarta alguna afectaci\u00f3n a la obra; sin embargo, se continuar\u00e1 con los trabajos de revisi\u00f3n para excluir cualquier da\u00f1o.<\/p>\n\n\n\n<p>La Comisi\u00f3n Nacional del Agua (Conagua) dio a conocer que las presas de la entidad no presentan afectaciones.<\/p>\n\n\n\n<p>El titular del Poder Ejecutivo orden\u00f3 mantener el monitoreo permanente en las ocho regiones de la entidad a fin de detectar posibles da\u00f1os a bienes muebles e inmuebles, as\u00ed como personas lesionadas.<\/p>\n","protected":false},"excerpt":{"rendered":"<p>Redacci\u00f3n\/Zona Roja. Oaxaca de Ju\u00e1rez, Oax., 7 de octubre de 2023.- Por instrucciones del Gobernador&hellip;<\/p>\n","protected":false},"author":2,"featured_media":60681,"comment_status":"closed","ping_status":"open","sticky":false,"template":"","format":"standard","meta":{"_lmt_disableupdate":"","_lmt_disable":"","_jetpack_memberships_contains_paid_content":false,"footnotes":""},"categories":[109,46],"tags":[1782],"class_list":["post-60679","post","type-post","status-publish","format-standard","has-post-thumbnail","hentry","category-minuto-a-minuto","category-zona-blanca","tag-sismo-oaxaca"],"jetpack_featured_media_url":"https:\/\/zonaroja.com.mx\/wp-content\/uploads\/2023\/10\/Sismo-Oaxaca-danos-iglesia-San-Sebastian-Tutla.jpg","jetpack_sharing_enabled":true,"_links":{"self":[{"href":"https:\/\/zonaroja.com.mx\/index.php?rest_route=\/wp\/v2\/posts\/60679","targetHints":{"allow":["GET"]}}],"collection":[{"href":"https:\/\/zonaroja.com.mx\/index.php?rest_route=\/wp\/v2\/posts"}],"about":[{"href":"https:\/\/zonaroja.com.mx\/index.php?rest_route=\/wp\/v2\/types\/post"}],"author":[{"embeddable":true,"href":"https:\/\/zonaroja.com.mx\/index.php?rest_route=\/wp\/v2\/users\/2"}],"replies":[{"embeddable":true,"href":"https:\/\/zonaroja.com.mx\/index.php?rest_route=%2Fwp%2Fv2%2Fcomments&post=60679"}],"version-history":[{"count":1,"href":"https:\/\/zonaroja.com.mx\/index.php?rest_route=\/wp\/v2\/posts\/60679\/revisions"}],"predecessor-version":[{"id":60682,"href":"https:\/\/zonaroja.com.mx\/index.php?rest_route=\/wp\/v2\/posts\/60679\/revisions\/60682"}],"wp:featuredmedia":[{"embeddable":true,"href":"https:\/\/zonaroja.com.mx\/index.php?rest_route=\/wp\/v2\/media\/60681"}],"wp:attachment":[{"href":"https:\/\/zonaroja.com.mx\/index.php?rest_route=%2Fwp%2Fv2%2Fmedia&parent=60679"}],"wp:term":[{"taxonomy":"category","embeddable":true,"href":"https:\/\/zonaroja.com.mx\/index.php?rest_route=%2Fwp%2Fv2%2Fcategories&post=60679"},{"taxonomy":"post_tag","embeddable":true,"href":"https:\/\/zonaroja.com.mx\/index.php?rest_route=%2Fwp%2Fv2%2Ftags&post=60679"}],"curies":[{"name":"wp","href":"https:\/\/api.w.org\/{rel}","templated":true}]}}