{"id":60687,"date":"2023-10-07T10:26:00","date_gmt":"2023-10-07T15:26:00","guid":{"rendered":"http:\/\/www.zonaroja.com.mx\/?p=60687"},"modified":"2023-10-07T08:27:54","modified_gmt":"2023-10-07T13:27:54","slug":"crece-ola-criminal-en-salina-cruz-tres-asesinados-en-un-dia-dos-de-ellos-taxistas","status":"publish","type":"post","link":"https:\/\/zonaroja.com.mx\/?p=60687","title":{"rendered":"Crece ola criminal en Salina Cruz: tres asesinados en un d\u00eda, dos de ellos taxistas"},"content":{"rendered":"\n<p>Redacci\u00f3n\/Zona Roja.<\/p>\n\n\n\n<p>Oaxaca de Ju\u00e1rez, Oax., a 7 de octubre de 2023.- Mientras el presidente municipal Daniel M\u00e9ndez Sosa, del Partido Morena, intensifica su promoci\u00f3n pol\u00edtica para reelegirse, en el municipio de Salina Cruz la ola criminal crece, ante la inacci\u00f3n de la autoridad local.<\/p>\n\n\n\n<p>Anoche, dos personas, entre ellas el chofer, fueron asesinadas en el interior de un taxi del sitio \u201cZapotecos\u201d, con n\u00famero econ\u00f3mico 518, sobre la avenida Ferrocarril de la colonia Morelos, cerca de esa ciudad y puerto.<\/p>\n\n\n\n<p>Las dos personas fueron atacadas por sujetos armados, que presuntamente viajaban en una motocicleta y quienes acribillaron a los dos ocupantes, a\u00fan no identificados, del lado izquierdo; las v\u00edctimas a\u00fan no han sido identificadas.<\/p>\n\n\n\n<p>Param\u00e9dicos de la Comisi\u00f3n Nacional de Emergencias fueron llegaron al sitio, sin embargo, corroboraron que las dos personas se encontraban ya sin vida.<\/p>\n\n\n\n<p>Como se inform\u00f3, ayer por la tarde tambi\u00e9n en Salina Cruz pero en la calle Morelos de la colonia Barrio Nuevo, donde fue acribillado el ocupante del taxi del sitio \u201cSan Pablo\u201d, con n\u00famero econ\u00f3mico 370.<\/p>\n\n\n\n<p>La v\u00edctima fue identificada como Jos\u00e9 Manuel L. S., de 43 a\u00f1os de edad, y hasta el momento se desconocen las causas del crimen; tampoco hay agresores detenidos, a falta de polic\u00edas municipales en la zona.<\/p>\n","protected":false},"excerpt":{"rendered":"<p>Redacci\u00f3n\/Zona Roja. Oaxaca de Ju\u00e1rez, Oax., a 7 de octubre de 2023.- Mientras el presidente&hellip;<\/p>\n","protected":false},"author":2,"featured_media":60684,"comment_status":"closed","ping_status":"open","sticky":false,"template":"","format":"standard","meta":{"_lmt_disableupdate":"","_lmt_disable":"","_jetpack_memberships_contains_paid_content":false,"footnotes":""},"categories":[109,51],"tags":[168],"class_list":["post-60687","post","type-post","status-publish","format-standard","has-post-thumbnail","hentry","category-minuto-a-minuto","category-zona-roja","tag-salina-cruz"],"jetpack_featured_media_url":"https:\/\/zonaroja.com.mx\/wp-content\/uploads\/2023\/10\/Taxista-segundo-asesinado-Salina-Cruz.jpg","jetpack_sharing_enabled":true,"_links":{"self":[{"href":"https:\/\/zonaroja.com.mx\/index.php?rest_route=\/wp\/v2\/posts\/60687","targetHints":{"allow":["GET"]}}],"collection":[{"href":"https:\/\/zonaroja.com.mx\/index.php?rest_route=\/wp\/v2\/posts"}],"about":[{"href":"https:\/\/zonaroja.com.mx\/index.php?rest_route=\/wp\/v2\/types\/post"}],"author":[{"embeddable":true,"href":"https:\/\/zonaroja.com.mx\/index.php?rest_route=\/wp\/v2\/users\/2"}],"replies":[{"embeddable":true,"href":"https:\/\/zonaroja.com.mx\/index.php?rest_route=%2Fwp%2Fv2%2Fcomments&post=60687"}],"version-history":[{"count":1,"href":"https:\/\/zonaroja.com.mx\/index.php?rest_route=\/wp\/v2\/posts\/60687\/revisions"}],"predecessor-version":[{"id":60688,"href":"https:\/\/zonaroja.com.mx\/index.php?rest_route=\/wp\/v2\/posts\/60687\/revisions\/60688"}],"wp:featuredmedia":[{"embeddable":true,"href":"https:\/\/zonaroja.com.mx\/index.php?rest_route=\/wp\/v2\/media\/60684"}],"wp:attachment":[{"href":"https:\/\/zonaroja.com.mx\/index.php?rest_route=%2Fwp%2Fv2%2Fmedia&parent=60687"}],"wp:term":[{"taxonomy":"category","embeddable":true,"href":"https:\/\/zonaroja.com.mx\/index.php?rest_route=%2Fwp%2Fv2%2Fcategories&post=60687"},{"taxonomy":"post_tag","embeddable":true,"href":"https:\/\/zonaroja.com.mx\/index.php?rest_route=%2Fwp%2Fv2%2Ftags&post=60687"}],"curies":[{"name":"wp","href":"https:\/\/api.w.org\/{rel}","templated":true}]}}