{"id":60689,"date":"2023-10-07T11:27:00","date_gmt":"2023-10-07T16:27:00","guid":{"rendered":"http:\/\/www.zonaroja.com.mx\/?p=60689"},"modified":"2023-10-07T08:41:00","modified_gmt":"2023-10-07T13:41:00","slug":"lanzan-ola-de-misiles-desde-la-franja-de-gaza-contra-israel","status":"publish","type":"post","link":"https:\/\/zonaroja.com.mx\/?p=60689","title":{"rendered":"Lanzan ola de misiles desde la franja de Gaza contra Israel"},"content":{"rendered":"\n<p>Redacci\u00f3n\/Zona Roja Cdmx.<\/p>\n\n\n\n<p>Ciudad de M\u00e9xico, a 7 de octubre de 2023.- Una serie de misiles fueron lanzados desde la franja de Gaza hacia el centro y sur de Israel, donde sonaron las sirenas en varios puntos, incluyendo la ciudad de Tel Aviv.<\/p>\n\n\n\n<p>\u00abEn la \u00faltima media hora se lanzaron cohetes desde la Franja de Gaza hacia Israel. Se insta a la poblaci\u00f3n del sur y centro del pa\u00eds a permanecer cerca de las \u00e1reas protegidas y obedecer las \u00f3rdenes del Comando del Frente Interior\u00bb, escribieron las Fuerzas de Defensa de Israel (IDF) en su cuenta de la red social X, antes Twitter.<\/p>\n\n\n\n<p>El servicio nacional de emergencia y asistencia m\u00e9dica Magen David Adom (MDA) confirm\u00f3 un impacto directo en el Consejo Regional de Gederot, en el distrito sur de Israel, donde brindaron tratamiento m\u00e9dico a una mujer de 70 a\u00f1os, que seg\u00fan el peri\u00f3dico &#8216;The Jerusalem Post&#8217; ha fallecido a causa de las heridas.<\/p>\n\n\n\n<p>La MDA tambi\u00e9n realiz\u00f3 evaluaciones m\u00e9dicas a un hombre de 20 a\u00f1os en condici\u00f3n moderada por un cohete que ha impactado contra Yavne.<\/p>\n\n\n\n<p>El primer ministro israel\u00ed, Benjam\u00edn Netanyahu, dijo que se reunir\u00e1 con altos funcionarios de seguridad en las pr\u00f3ximas horas despu\u00e9s del lanzamiento de los cohetes.<\/p>\n\n\n\n<p>Por su parte, el ministro de Defensa de Israel, Benny Gantz, escribi\u00f3 en su cuenta de la red social X que \u00abHam\u00e1s cometi\u00f3 un grave error y Ham\u00e1s cargar\u00e1 con las consecuencias. Todos los ciudadanos israel\u00edes respaldan a las FDI y a las fuerzas de seguridad, y el gobierno cuenta con pleno respaldo para cobrar un alto precio por cualquier acci\u00f3n decidida y responsable\u00bb.<\/p>\n\n\n\n<p>Asimismo, pidi\u00f3 \u00abfortalecer todas las fuerzas de seguridad\u00bb y \u00aba los ciudadanos de Israel que obedezcan las directivas del Comando del Frente Interior\u00bb. \u00abSeguiremos atentos, unidos y asestaremos un duro y doloroso golpe al enemigo\u00bb, zanj\u00f3.<\/p>\n\n\n\n<p>SEGURI\u00c1N ATAQUES<\/p>\n\n\n\n<p>El evasivo l\u00edder del brazo militar de Hamas dijo que el grupo armado lanz\u00f3 una nueva operaci\u00f3n militar contra Israel.<\/p>\n\n\n\n<p>Mohammed Deif explic\u00f3 en un inusual comunicado que a primera hora del s\u00e1bado se hab\u00edan disparado 5 mil proyectiles contra Israel en el inicio de la \u201cOperaci\u00f3n Tormenta de Al-Aqsa\u00bb. Israel report\u00f3 tambi\u00e9n una infiltraci\u00f3n desde la franja de Gaza.<\/p>\n\n\n\n<p>\u201cHemos decidido decir basta ya\u201d, apunt\u00f3 Deif al tiempo que instaba a todos los palestinos a enfrentarse a Israel.<\/p>\n\n\n\n<p>Deif, quien ha sobrevivido a m\u00faltiples intentos de asesinato israel\u00edes, no realiza apariciones p\u00fablicas. Su mensaje se transmiti\u00f3 en una grabaci\u00f3n.<\/p>\n\n\n\n<p>(Informaci\u00f3n de AP y Europa Press en \u201cLa Jornada\u201d)<\/p>\n","protected":false},"excerpt":{"rendered":"<p>Redacci\u00f3n\/Zona Roja Cdmx. Ciudad de M\u00e9xico, a 7 de octubre de 2023.- Una serie de&hellip;<\/p>\n","protected":false},"author":2,"featured_media":60680,"comment_status":"closed","ping_status":"open","sticky":false,"template":"","format":"standard","meta":{"_lmt_disableupdate":"","_lmt_disable":"","_jetpack_memberships_contains_paid_content":false,"footnotes":""},"categories":[109,47],"tags":[2668],"class_list":["post-60689","post","type-post","status-publish","format-standard","has-post-thumbnail","hentry","category-minuto-a-minuto","category-zona-gris","tag-conflicto-gaza-israel"],"jetpack_featured_media_url":"https:\/\/zonaroja.com.mx\/wp-content\/uploads\/2023\/10\/Ataque-Hammas-Israel.webp","jetpack_sharing_enabled":true,"_links":{"self":[{"href":"https:\/\/zonaroja.com.mx\/index.php?rest_route=\/wp\/v2\/posts\/60689","targetHints":{"allow":["GET"]}}],"collection":[{"href":"https:\/\/zonaroja.com.mx\/index.php?rest_route=\/wp\/v2\/posts"}],"about":[{"href":"https:\/\/zonaroja.com.mx\/index.php?rest_route=\/wp\/v2\/types\/post"}],"author":[{"embeddable":true,"href":"https:\/\/zonaroja.com.mx\/index.php?rest_route=\/wp\/v2\/users\/2"}],"replies":[{"embeddable":true,"href":"https:\/\/zonaroja.com.mx\/index.php?rest_route=%2Fwp%2Fv2%2Fcomments&post=60689"}],"version-history":[{"count":1,"href":"https:\/\/zonaroja.com.mx\/index.php?rest_route=\/wp\/v2\/posts\/60689\/revisions"}],"predecessor-version":[{"id":60690,"href":"https:\/\/zonaroja.com.mx\/index.php?rest_route=\/wp\/v2\/posts\/60689\/revisions\/60690"}],"wp:featuredmedia":[{"embeddable":true,"href":"https:\/\/zonaroja.com.mx\/index.php?rest_route=\/wp\/v2\/media\/60680"}],"wp:attachment":[{"href":"https:\/\/zonaroja.com.mx\/index.php?rest_route=%2Fwp%2Fv2%2Fmedia&parent=60689"}],"wp:term":[{"taxonomy":"category","embeddable":true,"href":"https:\/\/zonaroja.com.mx\/index.php?rest_route=%2Fwp%2Fv2%2Fcategories&post=60689"},{"taxonomy":"post_tag","embeddable":true,"href":"https:\/\/zonaroja.com.mx\/index.php?rest_route=%2Fwp%2Fv2%2Ftags&post=60689"}],"curies":[{"name":"wp","href":"https:\/\/api.w.org\/{rel}","templated":true}]}}