{"id":60691,"date":"2023-10-07T14:30:00","date_gmt":"2023-10-07T19:30:00","guid":{"rendered":"http:\/\/www.zonaroja.com.mx\/?p=60691"},"modified":"2023-10-07T08:45:04","modified_gmt":"2023-10-07T13:45:04","slug":"cierra-el-13-de-octubre-la-convocatoria-a-la-maestria-en-derecho-judicial","status":"publish","type":"post","link":"https:\/\/zonaroja.com.mx\/?p=60691","title":{"rendered":"Cierra el 13 de octubre la convocatoria a la Maestr\u00eda en Derecho Judicial"},"content":{"rendered":"\n<p>Redacci\u00f3n\/Zona Roja.<\/p>\n\n\n\n<p>Oaxaca de Ju\u00e1rez, Oax., a 7 de octubre de 2023.- La maestr\u00eda en Derecho Judicial, que&nbsp;imparte el Poder Judicial del Estado&nbsp;en conjunto con la Universidad de Perugia, Italia, tiene como objetivo principal no s\u00f3lo formar juristas con una depurada t\u00e9cnica jur\u00eddica&nbsp;y&nbsp;visi\u00f3n transversal de los derechos humanos, sino tambi\u00e9n&nbsp;con una&nbsp;prospectiva de la justicia,&nbsp;\u00e9tica&nbsp;y humanismo&nbsp;que aporte en su&nbsp;quehacer&nbsp;diario&nbsp;en beneficio de la sociedad, afirm\u00f3 el titular del Poder Judicial del Estado, magistrado Eduardo Pinacho S\u00e1nchez.<\/p>\n\n\n\n<p>Se\u00f1al\u00f3 que actualmente se encuentra abierta la convocatoria para la segunda generaci\u00f3n&nbsp;de estos estudios especializados,&nbsp;que cerrar\u00e1 el&nbsp;13 de octubre pr\u00f3ximo la recepci\u00f3n de documentos de las y los interesados&nbsp;en cursarla, quienes deber\u00e1n pasar por un proceso de postulaci\u00f3n y aceptaci\u00f3n a cargo&nbsp;del Comit\u00e9 Acad\u00e9mico&nbsp;presidido por doctor Roberto&nbsp;Cippitani&nbsp;e integrado por prestigiados acad\u00e9micos&nbsp;y&nbsp;el ministro de la Suprema Corte de Justicia de la Naci\u00f3n, Juan Luis Gonz\u00e1lez Alc\u00e1ntara Carranc\u00e1.<\/p>\n\n\n\n<p>El posgrado de naturaleza internacional&nbsp;dirigido&nbsp;a magistradas, magistrados, juezas, jueces y dem\u00e1s operadores jurisdiccionales de la instituci\u00f3n, de los poderes judiciales de la Rep\u00fablica Mexicana y de Latinoam\u00e9rica,&nbsp;tendr\u00e1 una duraci\u00f3n de dos a\u00f1os e iniciar\u00e1 en enero de 2024, con sesiones de manera presencial y a distancia.<\/p>\n\n\n\n<p>Al realizar un balance de los resultados en la primera generaci\u00f3n, el magistrado Pinacho S\u00e1nchez puntualiz\u00f3&nbsp;que ha contado con la extraordinaria disposici\u00f3n y apoyo&nbsp;del actual&nbsp;rector&nbsp;de la Universidad de Perugia,&nbsp;doctor&nbsp;Maurizio&nbsp;Oliviero&nbsp;y en las c\u00e1tedras han intervenido&nbsp;10 profesores, 4 extranjeros y 6 nacionales, entre ellos&nbsp;los doctores, Andrea&nbsp;Sassi,&nbsp;StefaniaStefanelli&nbsp;y&nbsp;Fabrizio&nbsp;Figorilli, ex vicerrector de dicha universidad italiana.<\/p>\n\n\n\n<p>Resalt\u00f3 que el a\u00f1o pasado&nbsp;se tuvo&nbsp;la visita acad\u00e9mica del&nbsp;doctor&nbsp;Roberto&nbsp;Cippitani&nbsp;y este&nbsp;2023 estuvo en Oaxaca el doctor&nbsp;Ferdinando&nbsp;Treggiari&nbsp;con la finalidad de compartir&nbsp;conocimientos con el grupo de 35 profesionistas, que cursan el segundo semestre de la maestr\u00eda, de los cuales&nbsp;32&nbsp;son personal del Tribunal Superior de Justicia y del Consejo de la Judicatura y tres&nbsp;externos.<\/p>\n\n\n\n<p>Invit\u00f3 a las y los profesionales en derecho, consultar la convocatoria&nbsp;que&nbsp;se encuentra disponible para su consulta en el portal web institucional&nbsp;www.tribunaloax.gob.mx<\/p>\n","protected":false},"excerpt":{"rendered":"<p>Redacci\u00f3n\/Zona Roja. Oaxaca de Ju\u00e1rez, Oax., a 7 de octubre de 2023.- La maestr\u00eda en&hellip;<\/p>\n","protected":false},"author":2,"featured_media":60692,"comment_status":"closed","ping_status":"open","sticky":false,"template":"","format":"standard","meta":{"_lmt_disableupdate":"","_lmt_disable":"","_jetpack_memberships_contains_paid_content":false,"footnotes":""},"categories":[109,46],"tags":[223],"class_list":["post-60691","post","type-post","status-publish","format-standard","has-post-thumbnail","hentry","category-minuto-a-minuto","category-zona-blanca","tag-poder-judicial-de-oaxaca"],"jetpack_featured_media_url":"https:\/\/zonaroja.com.mx\/wp-content\/uploads\/2023\/10\/El-magistrado-Eduardo-Pinacho-con-estudiantes-a-la-maestria-en-Derecho-Judicial.jpg","jetpack_sharing_enabled":true,"_links":{"self":[{"href":"https:\/\/zonaroja.com.mx\/index.php?rest_route=\/wp\/v2\/posts\/60691","targetHints":{"allow":["GET"]}}],"collection":[{"href":"https:\/\/zonaroja.com.mx\/index.php?rest_route=\/wp\/v2\/posts"}],"about":[{"href":"https:\/\/zonaroja.com.mx\/index.php?rest_route=\/wp\/v2\/types\/post"}],"author":[{"embeddable":true,"href":"https:\/\/zonaroja.com.mx\/index.php?rest_route=\/wp\/v2\/users\/2"}],"replies":[{"embeddable":true,"href":"https:\/\/zonaroja.com.mx\/index.php?rest_route=%2Fwp%2Fv2%2Fcomments&post=60691"}],"version-history":[{"count":1,"href":"https:\/\/zonaroja.com.mx\/index.php?rest_route=\/wp\/v2\/posts\/60691\/revisions"}],"predecessor-version":[{"id":60693,"href":"https:\/\/zonaroja.com.mx\/index.php?rest_route=\/wp\/v2\/posts\/60691\/revisions\/60693"}],"wp:featuredmedia":[{"embeddable":true,"href":"https:\/\/zonaroja.com.mx\/index.php?rest_route=\/wp\/v2\/media\/60692"}],"wp:attachment":[{"href":"https:\/\/zonaroja.com.mx\/index.php?rest_route=%2Fwp%2Fv2%2Fmedia&parent=60691"}],"wp:term":[{"taxonomy":"category","embeddable":true,"href":"https:\/\/zonaroja.com.mx\/index.php?rest_route=%2Fwp%2Fv2%2Fcategories&post=60691"},{"taxonomy":"post_tag","embeddable":true,"href":"https:\/\/zonaroja.com.mx\/index.php?rest_route=%2Fwp%2Fv2%2Ftags&post=60691"}],"curies":[{"name":"wp","href":"https:\/\/api.w.org\/{rel}","templated":true}]}}