{"id":60694,"date":"2023-10-08T11:45:00","date_gmt":"2023-10-08T16:45:00","guid":{"rendered":"http:\/\/www.zonaroja.com.mx\/?p=60694"},"modified":"2023-10-08T07:28:58","modified_gmt":"2023-10-08T12:28:58","slug":"opinion-la-paridad-y-la-violencia-politica","status":"publish","type":"post","link":"https:\/\/zonaroja.com.mx\/?p=60694","title":{"rendered":"Opini\u00f3n. La paridad y la violencia pol\u00edtica"},"content":{"rendered":"\n<p>Soledad Jarqu\u00edn \u00c9dgar*\/SemM\u00e9xico<\/p>\n\n\n\n<p>Son casi 10 a\u00f1os desde que la paridad en procesos electorales existe en la ley y permiti\u00f3 un avance paulatino y constante, algo as\u00ed como r\u00e1pido y furioso de las mujeres, tanto que hoy una de cada tres presidencias municipales es dirigida por una mujer, casi la tercera parte de las gobernadoras son mujeres, y hay paridad en los 32 congresos locales y en el Congreso de la Uni\u00f3n.<\/p>\n\n\n\n<p>Por otra parte, las elecciones del 2024 han sido definidas, desde ahora, como \u201chist\u00f3ricas\u201d, porque sea mel\u00f3n o sea sand\u00eda, habr\u00e1 por primera vez en la historia mexicana una presidenta.<\/p>\n\n\n\n<p>La paridad en la pol\u00edtica ha representado una de las mayores batallas de las mujeres a lo largo de muchas d\u00e9cadas, quiz\u00e1 siete, desde que el voto universal se hizo realidad en este pa\u00eds y todav\u00eda queda un tramo por avanzar, el gran pendiente est\u00e1 en los municipios que definen a sus autoridades por sistemas normativos internos, donde ese derecho ciudadano ha sido sistem\u00e1ticamente regateado, pensar\u00eda por descuido de los oples.<\/p>\n\n\n\n<p>Este mes se cumplir\u00e1n 70 a\u00f1os del voto universal que permiti\u00f3 a las mexicanas ir en ese largo ascenso hacia el poder pol\u00edtico, un camino plagado de actos de violencia los cuales fueron desde arrebatarles la posibilidad de competir hasta la muerte, fen\u00f3meno que ha estado presente y que la prensa ha documentado de formas m\u00e1s constante desde hace unos 20 a\u00f1os.<\/p>\n\n\n\n<p>En Oaxaca, en septiembre de 2004, por ejemplo, fue asesinada la candidata del PRD a la presidencia municipal de San Jos\u00e9 Estancia Grande, Jamiltepec, en la costa de esta entidad por el entonces mun\u00edcipe priista C\u00e1ndido Palacios Loyola.<\/p>\n\n\n\n<p>En marzo de 2015, a un a\u00f1o del nacimiento de la paridad pol\u00edtica, ocurri\u00f3 el asesinato de la precandidata PRD a la alcald\u00eda de Ahuacuotzingo, Guerrero, Aid\u00e9 Nava Gonz\u00e1lez, tres d\u00edas antes hab\u00eda sido secuestrada por un comando.<\/p>\n\n\n\n<p>En el proceso electoral de 2016, tambi\u00e9n del PRD, ya electa alcaldesa y a unas horas de protestar como mun\u00edcipe de Temixco, Morelos, Gisela Mota Ocampo, es asesinada.<\/p>\n\n\n\n<p>Ya con la paridad digamos \u201cde lleno\u201d, es decir, con m\u00e1s mujeres participando antes y durante el proceso electoral 2017-2018, Etellekt registra 237 actos de violencia pol\u00edtica en raz\u00f3n de g\u00e9nero contra mujeres,&nbsp;20&nbsp;fueron asesinatos, siete eran candidatas a un puesto de elecci\u00f3n popular, la mayor\u00eda en Guerrero, Oaxaca, Michoac\u00e1n y Morelos.<\/p>\n\n\n\n<p>Entre los casos ocurridos en 2018, destacan los de Dulce Nayeli Rebaja Pedro, aspirante a una candidatura por el distrito 25 de Chilapa, Guerrero; apenas unos d\u00edas antes fue asesinada Antonia Jaimes Moctezuma, candidata a diputada local, tambi\u00e9n en Chilapa, y Pamela Ter\u00e1n, integrante de la planilla PRI-PVEM-PNA, en Juchit\u00e1n de Zaragoza, Oaxaca.<\/p>\n\n\n\n<p>En el siguiente proceso electoral, del 2020-2021 la violencia contra las candidatas sigui\u00f3, como lo estableci\u00f3 al final de la contienda La Observatoria Todas MX, quien asegur\u00f3 que 35 pol\u00edticas fueron asesinadas, lo que equivale a 15 m\u00e1s que en el anterior proceso.<\/p>\n\n\n\n<p>Entre ellas, destacan los casos de las candidatas Alma Rosa Barrag\u00e1n Santiago, de Movimiento Ciudadano en Morole\u00f3n, Guanajuato, y el de Ivonne Gallegos Carre\u00f1o, en Ocotl\u00e1n, Oaxaca, ella era precandidata a la alcald\u00eda de la poblaci\u00f3n muy cercana a la capital oaxaque\u00f1a.<\/p>\n\n\n\n<p>Hoy los estudios sobre la violencia en M\u00e9xico, no alcanza a mirar los da\u00f1os colaterales de este horror que tiene evidentemente su ra\u00edz en la misoginia y el machismo. La presencia de m\u00e1s mujeres ha hecho temblar a quienes se creyeron due\u00f1os del tema: los se\u00f1ores del poder pol\u00edtico.<\/p>\n\n\n\n<p>En el proceso electoral actual 82023-2024) se definir\u00e1n:<\/p>\n\n\n\n<p>La Presidencia de la Rep\u00fablica<\/p>\n\n\n\n<p>500 diputaciones federales<\/p>\n\n\n\n<p>128 senadur\u00edas<\/p>\n\n\n\n<p>19 mil 634 cargos pol\u00edticos locales<\/p>\n\n\n\n<p>ocho gubernaturas y una jefatura de gobierno<\/p>\n\n\n\n<p>663 diputaciones de mayor\u00eda relativa y 435 de representaci\u00f3n proporcional en 31 entidades<\/p>\n\n\n\n<p>Mil 787 ayuntamientos<\/p>\n\n\n\n<p>Mil 973 sindicaturas<\/p>\n\n\n\n<p>14 mil 160 regidur\u00edas<\/p>\n\n\n\n<p>16 alcald\u00edas y 160 concejales en la CDMX<\/p>\n\n\n\n<p>132 juntas municipales en Campeche<\/p>\n\n\n\n<p>299 presidencias de comunidad de Tlaxcala En suma, m\u00e1s de 20 mil cargos de elecci\u00f3n popular, al menos la mitad deber\u00e1n ser ocupados por mujeres. Lo que no debe pasar es que a m\u00e1s mujeres en la palestra pol\u00edtica sea mayor la violencia pol\u00edtica en raz\u00f3n de g\u00e9nero. Y la gran pregunta es \u00bfqu\u00e9 hicieron las instituciones responsables para que esto no se repita?<\/p>\n\n\n\n<p>*Periodista y activista feminista.<\/p>\n","protected":false},"excerpt":{"rendered":"<p>Soledad Jarqu\u00edn \u00c9dgar*\/SemM\u00e9xico Son casi 10 a\u00f1os desde que la paridad en procesos electorales existe&hellip;<\/p>\n","protected":false},"author":2,"featured_media":52718,"comment_status":"closed","ping_status":"open","sticky":false,"template":"","format":"standard","meta":{"_lmt_disableupdate":"","_lmt_disable":"","_jetpack_memberships_contains_paid_content":false,"footnotes":""},"categories":[456,109],"tags":[1105],"class_list":["post-60694","post","type-post","status-publish","format-standard","has-post-thumbnail","hentry","category-columna","category-minuto-a-minuto","tag-soledad-jarquin-edgar"],"jetpack_featured_media_url":"https:\/\/zonaroja.com.mx\/wp-content\/uploads\/2023\/03\/Soledad-Jarquin-.jpeg","jetpack_sharing_enabled":true,"_links":{"self":[{"href":"https:\/\/zonaroja.com.mx\/index.php?rest_route=\/wp\/v2\/posts\/60694","targetHints":{"allow":["GET"]}}],"collection":[{"href":"https:\/\/zonaroja.com.mx\/index.php?rest_route=\/wp\/v2\/posts"}],"about":[{"href":"https:\/\/zonaroja.com.mx\/index.php?rest_route=\/wp\/v2\/types\/post"}],"author":[{"embeddable":true,"href":"https:\/\/zonaroja.com.mx\/index.php?rest_route=\/wp\/v2\/users\/2"}],"replies":[{"embeddable":true,"href":"https:\/\/zonaroja.com.mx\/index.php?rest_route=%2Fwp%2Fv2%2Fcomments&post=60694"}],"version-history":[{"count":1,"href":"https:\/\/zonaroja.com.mx\/index.php?rest_route=\/wp\/v2\/posts\/60694\/revisions"}],"predecessor-version":[{"id":60695,"href":"https:\/\/zonaroja.com.mx\/index.php?rest_route=\/wp\/v2\/posts\/60694\/revisions\/60695"}],"wp:featuredmedia":[{"embeddable":true,"href":"https:\/\/zonaroja.com.mx\/index.php?rest_route=\/wp\/v2\/media\/52718"}],"wp:attachment":[{"href":"https:\/\/zonaroja.com.mx\/index.php?rest_route=%2Fwp%2Fv2%2Fmedia&parent=60694"}],"wp:term":[{"taxonomy":"category","embeddable":true,"href":"https:\/\/zonaroja.com.mx\/index.php?rest_route=%2Fwp%2Fv2%2Fcategories&post=60694"},{"taxonomy":"post_tag","embeddable":true,"href":"https:\/\/zonaroja.com.mx\/index.php?rest_route=%2Fwp%2Fv2%2Ftags&post=60694"}],"curies":[{"name":"wp","href":"https:\/\/api.w.org\/{rel}","templated":true}]}}