{"id":60696,"date":"2023-10-07T00:30:00","date_gmt":"2023-10-07T05:30:00","guid":{"rendered":"http:\/\/www.zonaroja.com.mx\/?p=60696"},"modified":"2023-10-07T08:52:32","modified_gmt":"2023-10-07T13:52:32","slug":"logran-condena-contra-sujeto-que-secuestro-a-un-menor-en-oaxaca","status":"publish","type":"post","link":"https:\/\/zonaroja.com.mx\/?p=60696","title":{"rendered":"Logran condena contra sujeto que secuestr\u00f3 a un menor en Oaxaca"},"content":{"rendered":"\n<p>Redacci\u00f3n\/Zona Roja.<\/p>\n\n\n\n<p>Oaxaca de Ju\u00e1rez, Oax., a 7 de octubre de 2023.- &nbsp;Las labores especializadas en combate al secuestro que implementa la Fiscal\u00eda General del Estado de Oaxaca (FGEO) fueron clave para obtener fallo condenatorio en contra de R. G. M. C., responsable de la comisi\u00f3n del delito de Secuestro Agravado, cometido en contra de un adolescente, en la regi\u00f3n del Istmo de Tehuantepec.<\/p>\n\n\n\n<p>Los hechos ocurrieron el 12 de julio de 2022, cuando la v\u00edctima -cuya identidad est\u00e1 reservada por ley- sali\u00f3 de un domicilio ubicado en el municipio de Juchit\u00e1n de Zaragoza para dirigirse a la escuela secundaria, momento en que fue obligado a subir a un veh\u00edculo en el que fue privado de la libertad. Ese mismo d\u00eda, la familia de la v\u00edctima recibi\u00f3 llamadas telef\u00f3nicas en las que exig\u00edan dinero para liberarlo.<\/p>\n\n\n\n<p>La FGEO tom\u00f3 conocimiento del caso e inici\u00f3 las investigaciones a trav\u00e9s de la Unidad Especializada en Combate al Secuestro (UECS), perteneciente a la Fiscal\u00eda Especializada para la Atenci\u00f3n a Delitos de Alto Impacto, que logr\u00f3 establecer que la casa de seguridad se localizaba en el Fraccionamiento Guiechachi, del mismo municipio.&nbsp;<\/p>\n\n\n\n<p>El 14 de julio de 2022, se realiz\u00f3 un operativo en el lugar donde rescataron con vida a la v\u00edctima, adem\u00e1s que detuvieron a R. G. M. C.<\/p>\n\n\n\n<p>Al presentar las pruebas ante el Juez, \u00e9ste dict\u00f3 fallo condenatorio en contra del imputado identificado como R. G. M. C., responsable del delito de Secuestro Agravado, por lo que se estableci\u00f3 13 de octubre del a\u00f1o en curso, para la audiencia de lectura de sentencia.<\/p>\n\n\n\n<p>La Fiscal\u00eda de Oaxaca hace uso de tecnolog\u00eda y t\u00e9cnicas cient\u00edficas para dar mejores resultados en la investigaci\u00f3n ministerial alrededor de la comisi\u00f3n de delitos de alto impacto, lo cual permite acelerar los procesos de procuraci\u00f3n de justicia.<\/p>\n","protected":false},"excerpt":{"rendered":"<p>Redacci\u00f3n\/Zona Roja. Oaxaca de Ju\u00e1rez, Oax., a 7 de octubre de 2023.- &nbsp;Las labores especializadas&hellip;<\/p>\n","protected":false},"author":2,"featured_media":48536,"comment_status":"closed","ping_status":"open","sticky":false,"template":"","format":"standard","meta":{"_lmt_disableupdate":"","_lmt_disable":"","_jetpack_memberships_contains_paid_content":false,"footnotes":""},"categories":[109,46],"tags":[494],"class_list":["post-60696","post","type-post","status-publish","format-standard","has-post-thumbnail","hentry","category-minuto-a-minuto","category-zona-blanca","tag-fiscalia-general-del-estado-de-oaxaca"],"jetpack_featured_media_url":"https:\/\/zonaroja.com.mx\/wp-content\/uploads\/2022\/11\/Carcel-prision-separos-detenido-1.jpeg","jetpack_sharing_enabled":true,"_links":{"self":[{"href":"https:\/\/zonaroja.com.mx\/index.php?rest_route=\/wp\/v2\/posts\/60696","targetHints":{"allow":["GET"]}}],"collection":[{"href":"https:\/\/zonaroja.com.mx\/index.php?rest_route=\/wp\/v2\/posts"}],"about":[{"href":"https:\/\/zonaroja.com.mx\/index.php?rest_route=\/wp\/v2\/types\/post"}],"author":[{"embeddable":true,"href":"https:\/\/zonaroja.com.mx\/index.php?rest_route=\/wp\/v2\/users\/2"}],"replies":[{"embeddable":true,"href":"https:\/\/zonaroja.com.mx\/index.php?rest_route=%2Fwp%2Fv2%2Fcomments&post=60696"}],"version-history":[{"count":1,"href":"https:\/\/zonaroja.com.mx\/index.php?rest_route=\/wp\/v2\/posts\/60696\/revisions"}],"predecessor-version":[{"id":60697,"href":"https:\/\/zonaroja.com.mx\/index.php?rest_route=\/wp\/v2\/posts\/60696\/revisions\/60697"}],"wp:featuredmedia":[{"embeddable":true,"href":"https:\/\/zonaroja.com.mx\/index.php?rest_route=\/wp\/v2\/media\/48536"}],"wp:attachment":[{"href":"https:\/\/zonaroja.com.mx\/index.php?rest_route=%2Fwp%2Fv2%2Fmedia&parent=60696"}],"wp:term":[{"taxonomy":"category","embeddable":true,"href":"https:\/\/zonaroja.com.mx\/index.php?rest_route=%2Fwp%2Fv2%2Fcategories&post=60696"},{"taxonomy":"post_tag","embeddable":true,"href":"https:\/\/zonaroja.com.mx\/index.php?rest_route=%2Fwp%2Fv2%2Ftags&post=60696"}],"curies":[{"name":"wp","href":"https:\/\/api.w.org\/{rel}","templated":true}]}}