{"id":60701,"date":"2023-10-07T13:55:00","date_gmt":"2023-10-07T18:55:00","guid":{"rendered":"http:\/\/www.zonaroja.com.mx\/?p=60701"},"modified":"2023-10-07T08:56:43","modified_gmt":"2023-10-07T13:56:43","slug":"bombardeo-ruso-deja-un-nino-y-50-adultos-muertos-condenan-la-onu-y-la-ue","status":"publish","type":"post","link":"https:\/\/zonaroja.com.mx\/?p=60701","title":{"rendered":"Bombardeo ruso deja un ni\u00f1o y 50 adultos muertos; condenan la ONU y la UE"},"content":{"rendered":"\n<p>Redacci\u00f3n\/Zona Roja Cdmx.<\/p>\n\n\n\n<p>Ciudad de M\u00e9xico, a 7 de octubre de 2023.- Al menos 51 personas, incluyendo un ni\u00f1o, murieron en un bombardeo ruso mientras asist\u00edan a un funeral en un pueblo de la regi\u00f3n de J\u00e1rkov, en el este de Ucrania, anunciaron las autoridades del pa\u00eds eslavo.<\/p>\n\n\n\n<p>El ministro del Interior, Igor Klymenko, afirm\u00f3 que las v\u00edctimas asist\u00edan a una ceremonia en honor a un vecino fallecido, en Groza, un pueblo de 330 habitantes.<\/p>\n\n\n\n<p>Seg\u00fan \u00e9l, al acto luctuoso hab\u00edan concurrido unas 60 personas, y entre los muertos hay un ni\u00f1o de seis a\u00f1os.<\/p>\n\n\n\n<p>El presidente Volodymir Zelensky, actualmente en Espa\u00f1a para una reuni\u00f3n de dirigentes europeos, anunci\u00f3 primero un balance de 48 decesos en esta localidad cercana a la ciudad de Kupiansk, pr\u00f3ximo a la l\u00ednea del frente, y denunci\u00f3 \u201cun crimen ruso manifiestamente brutal\u201d.<\/p>\n\n\n\n<p>Horas despu\u00e9s, el ministerio del Interior subi\u00f3 el saldo mortal a 51.<\/p>\n\n\n\n<p>La coordinadora humanitaria de la Organizaci\u00f3n de Naciones Unidas (ONU) para Ucrania, Denise Brown, se declar\u00f3 \u201chorrorizada\u201d por el bombardeo. \u201cLas im\u00e1genes son absolutamente terribles\u201d, escribi\u00f3 en un comunicado. En las gr\u00e1ficas tomadas por la polic\u00eda local se ve una zona de escombros y a varios rescatistas transportando cuerpos.<\/p>\n\n\n\n<p>Zelensky public\u00f3 la imagen de una mujer arrodillada junto a lo que parece ser un cad\u00e1ver, con varios cuerpos a su alrededor.<\/p>\n\n\n\n<p>La ofensiva destruy\u00f3 una tienda y una cafeter\u00eda donde se oficiaba la referida ceremonia f\u00fanebre, detall\u00f3 el ministro del Interior, Igor Klymenko, ante la televisi\u00f3n nacional.<\/p>\n\n\n\n<p>\u201cHab\u00eda civiles en la tienda, y en la cafeter\u00eda estaban reunidos para una ceremonia luctuosa\u201d, declar\u00f3.<\/p>\n\n\n\n<p>El balance podr\u00eda subir ya que estiman que \u201centre cinco a siete personas podr\u00edan estar bajo los escombros\u201d, agreg\u00f3.<\/p>\n\n\n\n<p>Sistemas antia\u00e9reos<\/p>\n\n\n\n<p>El responsable ucranio de Defensa, Rustem Umerov, sostuvo que el ataque es una prueba de que Ucrania necesita m\u00e1s sistemas b\u00e9licos antia\u00e9reos \u201cpara proteger (se) del terror. Estamos discutiendo esto con nuestros socios\u201d, se\u00f1al\u00f3.<\/p>\n\n\n\n<p>Las fuerzas rusas capturaron extensos territorio de la regi\u00f3n de J\u00e1rkov en los primeros d\u00edas de su invasi\u00f3n, iniciada en febrero de 2022.<\/p>\n\n\n\n<p>Desde entonces, las fuerzas ucranias recuperaron gran parte del territorio fronterizo durante una ofensiva rel\u00e1mpago lanzada a finales del a\u00f1o pasado, pero la capital regional, que tambi\u00e9n se llama J\u00e1rkov, sigue siendo objeto de bombardeos frecuentes.<\/p>\n\n\n\n<p>La Casa Blanca asegur\u00f3 que el ataque es un ejemplo para seguir apoyando a Ucrania.<\/p>\n\n\n\n<p>El secretario general de la ONU, Antonio Guterres, y el canciller de la Uni\u00f3n Europea, Josep Borrell, condenaron por separado el ataque.<\/p>\n\n\n\n<p>Por otra parte, las autoridades rusas informaron que un ataque con drones caus\u00f3 apagones en la regi\u00f3n de Kursk, cercana a la frontera con Ucrania, donde en los meses recientes las defensas a\u00e9reas de Rusia han aumentado las intercepciones de veh\u00edculos a\u00e9reos no tripulados en el marco de la ofensiva ucrania.<\/p>\n\n\n\n<p>(Informaci\u00f3n de \u201cLa Jornada\u201d)<\/p>\n","protected":false},"excerpt":{"rendered":"<p>Redacci\u00f3n\/Zona Roja Cdmx. Ciudad de M\u00e9xico, a 7 de octubre de 2023.- Al menos 51&hellip;<\/p>\n","protected":false},"author":2,"featured_media":38042,"comment_status":"closed","ping_status":"open","sticky":false,"template":"","format":"standard","meta":{"_lmt_disableupdate":"","_lmt_disable":"","_jetpack_memberships_contains_paid_content":false,"footnotes":""},"categories":[109,47],"tags":[3040],"class_list":["post-60701","post","type-post","status-publish","format-standard","has-post-thumbnail","hentry","category-minuto-a-minuto","category-zona-gris","tag-conflicto-ucrania-rusia-2"],"jetpack_featured_media_url":"https:\/\/zonaroja.com.mx\/wp-content\/uploads\/2022\/02\/Guerra-Rusia-Ucrania-1.jpg","jetpack_sharing_enabled":true,"_links":{"self":[{"href":"https:\/\/zonaroja.com.mx\/index.php?rest_route=\/wp\/v2\/posts\/60701","targetHints":{"allow":["GET"]}}],"collection":[{"href":"https:\/\/zonaroja.com.mx\/index.php?rest_route=\/wp\/v2\/posts"}],"about":[{"href":"https:\/\/zonaroja.com.mx\/index.php?rest_route=\/wp\/v2\/types\/post"}],"author":[{"embeddable":true,"href":"https:\/\/zonaroja.com.mx\/index.php?rest_route=\/wp\/v2\/users\/2"}],"replies":[{"embeddable":true,"href":"https:\/\/zonaroja.com.mx\/index.php?rest_route=%2Fwp%2Fv2%2Fcomments&post=60701"}],"version-history":[{"count":1,"href":"https:\/\/zonaroja.com.mx\/index.php?rest_route=\/wp\/v2\/posts\/60701\/revisions"}],"predecessor-version":[{"id":60702,"href":"https:\/\/zonaroja.com.mx\/index.php?rest_route=\/wp\/v2\/posts\/60701\/revisions\/60702"}],"wp:featuredmedia":[{"embeddable":true,"href":"https:\/\/zonaroja.com.mx\/index.php?rest_route=\/wp\/v2\/media\/38042"}],"wp:attachment":[{"href":"https:\/\/zonaroja.com.mx\/index.php?rest_route=%2Fwp%2Fv2%2Fmedia&parent=60701"}],"wp:term":[{"taxonomy":"category","embeddable":true,"href":"https:\/\/zonaroja.com.mx\/index.php?rest_route=%2Fwp%2Fv2%2Fcategories&post=60701"},{"taxonomy":"post_tag","embeddable":true,"href":"https:\/\/zonaroja.com.mx\/index.php?rest_route=%2Fwp%2Fv2%2Ftags&post=60701"}],"curies":[{"name":"wp","href":"https:\/\/api.w.org\/{rel}","templated":true}]}}