{"id":60703,"date":"2023-10-07T15:56:00","date_gmt":"2023-10-07T20:56:00","guid":{"rendered":"http:\/\/www.zonaroja.com.mx\/?p=60703"},"modified":"2023-10-07T08:59:39","modified_gmt":"2023-10-07T13:59:39","slug":"en-noviembre-se-definiria-instalacion-de-empresas-en-corredor-interoceanico","status":"publish","type":"post","link":"https:\/\/zonaroja.com.mx\/?p=60703","title":{"rendered":"En noviembre se definir\u00eda instalaci\u00f3n de empresas en Corredor Interoce\u00e1nico"},"content":{"rendered":"\n<p>Redacci\u00f3n\/Zona Roja Cdmx.<\/p>\n\n\n\n<p>Ciudad de M\u00e9xico, a 7 de octubre de 2023.- Las empresas que se instalar\u00e1n en el estado de Oaxaca como parte de los 10 polos de desarrollo que impulsa el Gobierno Federal en el sur-sureste del pa\u00eds se definir\u00e1n en noviembre pr\u00f3ximo, adelant\u00f3 el gobernador de ese estado, Salom\u00f3n Jara Cruz.<\/p>\n\n\n\n<p>Adem\u00e1s, asegur\u00f3 a los industriales del pa\u00eds que el estado se encuentra en una coyuntura de crecimiento econ\u00f3mico, en el que crece a una tasa del 9%, 3 veces de lo que crece la econom\u00eda del pa\u00eds.<\/p>\n\n\n\n<p>\u201cEstamos observando en esta zona el inter\u00e9s que tienen a nivel nacional e internacional (las empresas) de invertir porque les acerca, en este tramo, el m\u00e1s corto del pa\u00eds, la posibilidad de trasladar y transportar mercanc\u00edas desde el puerto de Salina Cruz, Oaxaca, al puerto de Coatzacoalcos, Veracruz, y acercarlo principalmente al este de Estados Unidos\u201d, dijo.<\/p>\n\n\n\n<p>Explic\u00f3 que las iniciativas en infraestructura y la soluci\u00f3n de diversos conflictos sociales en Oaxaca, permitir\u00e1n a este estado mexicano, ser uno de los destinos m\u00e1s atractivos para atraer inversiones de empresas nacionales y extranjeras en los pr\u00f3ximos 10 a\u00f1os.<\/p>\n\n\n\n<p>Jara indic\u00f3 que 2 carreteras se encuentran en construcci\u00f3n a fin de disminuir tambi\u00e9n los traslados por tierra, lo que potencia su conectividad con el Istmo de Tehuantepec y su zona tur\u00edstica m\u00e1s importante, con sus playas en Huatulco o Puerto Escondido.<\/p>\n\n\n\n<p>\u201cLa econom\u00eda de esta regi\u00f3n ser\u00e1 muy importante, ese es el papel que va a jugar Oaxaca en el contexto nacional\u201d, asegur\u00f3.<\/p>\n\n\n\n<p>Desde junio pasado, el Gobierno de M\u00e9xico implement\u00f3 una serie de beneficios para atraer capital en 10 zonas estrat\u00e9gicas del sureste mexicano, entre ellos no pagar impuestos.<\/p>\n\n\n\n<p>Todo como parte del Corredor Interoce\u00e1nico del Istmo de Tehuantepec y el inter\u00e9s de que m\u00e1s empresas lleguen al pa\u00eds, en medio del fen\u00f3meno de la relocalizaci\u00f3n de empresas o \u201cnearshoring\u201d.<\/p>\n\n\n\n<p>Entre los beneficios fiscales, est\u00e1n la exenci\u00f3n total del Impuesto Sobre la Renta (ISR) durante los primeros 3 a\u00f1os de operaci\u00f3n.<\/p>\n\n\n\n<p>Mientras que, en los a\u00f1os cuarto, quinto y sexto, las empresas pagar\u00e1n s\u00f3lo el 50% del ISR; aunque podr\u00e1 ser del 90% si se alcanzan metas de empleo establecidas por las autoridades.<\/p>\n\n\n\n<p>Como esta iniciativa, el Gobierno mexicano tambi\u00e9n tiene 2 programas de incentivos; 1 para incrementar inversiones en sectores estrat\u00e9gicos definidos en conjunto con Estados Unidos y Canad\u00e1, as\u00ed como un segundo para atraer capital a la industria alrededor del litio en M\u00e9xico.<\/p>\n\n\n\n<p>(Informaci\u00f3n de agencias)<\/p>\n","protected":false},"excerpt":{"rendered":"<p>Redacci\u00f3n\/Zona Roja Cdmx. Ciudad de M\u00e9xico, a 7 de octubre de 2023.- Las empresas que&hellip;<\/p>\n","protected":false},"author":2,"featured_media":60704,"comment_status":"closed","ping_status":"open","sticky":false,"template":"","format":"standard","meta":{"_lmt_disableupdate":"","_lmt_disable":"","_jetpack_memberships_contains_paid_content":false,"footnotes":""},"categories":[109,46],"tags":[939],"class_list":["post-60703","post","type-post","status-publish","format-standard","has-post-thumbnail","hentry","category-minuto-a-minuto","category-zona-blanca","tag-salomon-jara-cruz"],"jetpack_featured_media_url":"https:\/\/zonaroja.com.mx\/wp-content\/uploads\/2023\/10\/Salomon-Jara-Guanajuato.jpeg","jetpack_sharing_enabled":true,"_links":{"self":[{"href":"https:\/\/zonaroja.com.mx\/index.php?rest_route=\/wp\/v2\/posts\/60703","targetHints":{"allow":["GET"]}}],"collection":[{"href":"https:\/\/zonaroja.com.mx\/index.php?rest_route=\/wp\/v2\/posts"}],"about":[{"href":"https:\/\/zonaroja.com.mx\/index.php?rest_route=\/wp\/v2\/types\/post"}],"author":[{"embeddable":true,"href":"https:\/\/zonaroja.com.mx\/index.php?rest_route=\/wp\/v2\/users\/2"}],"replies":[{"embeddable":true,"href":"https:\/\/zonaroja.com.mx\/index.php?rest_route=%2Fwp%2Fv2%2Fcomments&post=60703"}],"version-history":[{"count":1,"href":"https:\/\/zonaroja.com.mx\/index.php?rest_route=\/wp\/v2\/posts\/60703\/revisions"}],"predecessor-version":[{"id":60705,"href":"https:\/\/zonaroja.com.mx\/index.php?rest_route=\/wp\/v2\/posts\/60703\/revisions\/60705"}],"wp:featuredmedia":[{"embeddable":true,"href":"https:\/\/zonaroja.com.mx\/index.php?rest_route=\/wp\/v2\/media\/60704"}],"wp:attachment":[{"href":"https:\/\/zonaroja.com.mx\/index.php?rest_route=%2Fwp%2Fv2%2Fmedia&parent=60703"}],"wp:term":[{"taxonomy":"category","embeddable":true,"href":"https:\/\/zonaroja.com.mx\/index.php?rest_route=%2Fwp%2Fv2%2Fcategories&post=60703"},{"taxonomy":"post_tag","embeddable":true,"href":"https:\/\/zonaroja.com.mx\/index.php?rest_route=%2Fwp%2Fv2%2Ftags&post=60703"}],"curies":[{"name":"wp","href":"https:\/\/api.w.org\/{rel}","templated":true}]}}