{"id":60707,"date":"2023-10-07T11:58:10","date_gmt":"2023-10-07T16:58:10","guid":{"rendered":"http:\/\/www.zonaroja.com.mx\/?p=60707"},"modified":"2023-10-07T11:58:12","modified_gmt":"2023-10-07T16:58:12","slug":"detienen-a-presunto-feminicida-de-wendy-guadalupe-en-tehuantepec","status":"publish","type":"post","link":"https:\/\/zonaroja.com.mx\/?p=60707","title":{"rendered":"Detienen a presunto feminicida de Wendy Guadalupe en Tehuantepec"},"content":{"rendered":"\n<p>Redacci\u00f3n\/Zona Roja. <\/p>\n\n\n\n<p>Oaxaca de Ju\u00e1rez, Oax., a 7 de octubre de 2023.- La Fiscal\u00eda General del Estado de Oaxaca, en colaboraci\u00f3n con la Polic\u00eda Municipal de Salina Cruz, logr\u00f3 la detenci\u00f3n de un hombre identificado por las iniciales A.J.M.E., se\u00f1alado como el presunto homicida de una adolescente, en hechos ocurridos en Santo Domingo Tehuantepec el pasado 30 de septiembre de 2023.<\/p>\n\n\n\n<p>&nbsp;<\/p>\n\n\n\n<p>De acuerdo con el expediente, en la citada fecha, la adolescente W.G.G.H., acudi\u00f3 a una fiesta de 15 a\u00f1os que se celebr\u00f3 en la calle Cosijop\u00ed, Santa Mar\u00eda, Santo Domingo Tehuantepec, donde fue agredida con un arma blanca (picahielo), lesiones que provocaron que perdiera la vida.<\/p>\n\n\n\n<p>&nbsp;<\/p>\n\n\n\n<p>Ante ello, la Vicefiscal\u00eda Regional del Istmo tom\u00f3 conocimiento del hecho e inici\u00f3 las investigaciones correspondientes, apegadas a protocolos con perspectiva de g\u00e9nero, que permitieron la obtenci\u00f3n de la orden de aprehensi\u00f3n por el delito de Homicidio Calificado con Ventaja, por parte del Juez.<\/p>\n\n\n\n<p>&nbsp;<\/p>\n\n\n\n<p>De tal forma que&nbsp;este s\u00e1bado a las 3:40&nbsp;horas, tras realizar labores de inteligencia, elementos de la Agencia Estatal de Investigaciones (AEI), respaldados por polic\u00edas municipales de Salina Cruz, lograron la detenci\u00f3n del imputado en la citada localidad del Istmo de Tehuantepec.<\/p>\n\n\n\n<p>&nbsp;<\/p>\n\n\n\n<p>Por lo cual, A.J.M.E., ser\u00e1 puesto a disposici\u00f3n del Ministerio P\u00fablico, quien lo llevar\u00e1 ante el Juez para que contin\u00fae con el proceso jur\u00eddico.<\/p>\n\n\n\n<p>&nbsp;<\/p>\n\n\n\n<p>Las labores efectuadas por la Fiscal\u00eda General del Estado de Oaxaca con perspectiva de g\u00e9nero, tiene la finalidad de procurar justicia para las v\u00edctimas directas e indirectas de delitos que lesionan a sectores de atenci\u00f3n prioritaria como son mujeres, ni\u00f1as y adolescentes.<\/p>\n\n\n\n<p><\/p>\n","protected":false},"excerpt":{"rendered":"<p>Redacci\u00f3n\/Zona Roja. Oaxaca de Ju\u00e1rez, Oax., a 7 de octubre de 2023.- La Fiscal\u00eda General&hellip;<\/p>\n","protected":false},"author":2,"featured_media":60706,"comment_status":"closed","ping_status":"open","sticky":false,"template":"","format":"standard","meta":{"_lmt_disableupdate":"","_lmt_disable":"","_jetpack_memberships_contains_paid_content":false,"footnotes":""},"categories":[109,46],"tags":[],"class_list":["post-60707","post","type-post","status-publish","format-standard","has-post-thumbnail","hentry","category-minuto-a-minuto","category-zona-blanca"],"jetpack_featured_media_url":"https:\/\/zonaroja.com.mx\/wp-content\/uploads\/2023\/10\/img_7884-1.jpg","jetpack_sharing_enabled":true,"_links":{"self":[{"href":"https:\/\/zonaroja.com.mx\/index.php?rest_route=\/wp\/v2\/posts\/60707","targetHints":{"allow":["GET"]}}],"collection":[{"href":"https:\/\/zonaroja.com.mx\/index.php?rest_route=\/wp\/v2\/posts"}],"about":[{"href":"https:\/\/zonaroja.com.mx\/index.php?rest_route=\/wp\/v2\/types\/post"}],"author":[{"embeddable":true,"href":"https:\/\/zonaroja.com.mx\/index.php?rest_route=\/wp\/v2\/users\/2"}],"replies":[{"embeddable":true,"href":"https:\/\/zonaroja.com.mx\/index.php?rest_route=%2Fwp%2Fv2%2Fcomments&post=60707"}],"version-history":[{"count":1,"href":"https:\/\/zonaroja.com.mx\/index.php?rest_route=\/wp\/v2\/posts\/60707\/revisions"}],"predecessor-version":[{"id":60708,"href":"https:\/\/zonaroja.com.mx\/index.php?rest_route=\/wp\/v2\/posts\/60707\/revisions\/60708"}],"wp:featuredmedia":[{"embeddable":true,"href":"https:\/\/zonaroja.com.mx\/index.php?rest_route=\/wp\/v2\/media\/60706"}],"wp:attachment":[{"href":"https:\/\/zonaroja.com.mx\/index.php?rest_route=%2Fwp%2Fv2%2Fmedia&parent=60707"}],"wp:term":[{"taxonomy":"category","embeddable":true,"href":"https:\/\/zonaroja.com.mx\/index.php?rest_route=%2Fwp%2Fv2%2Fcategories&post=60707"},{"taxonomy":"post_tag","embeddable":true,"href":"https:\/\/zonaroja.com.mx\/index.php?rest_route=%2Fwp%2Fv2%2Ftags&post=60707"}],"curies":[{"name":"wp","href":"https:\/\/api.w.org\/{rel}","templated":true}]}}