{"id":60709,"date":"2023-10-07T17:25:00","date_gmt":"2023-10-07T22:25:00","guid":{"rendered":"http:\/\/www.zonaroja.com.mx\/?p=60709"},"modified":"2023-10-07T14:31:09","modified_gmt":"2023-10-07T19:31:09","slug":"desde-oaxaca-diversas-ong-exigen-al-estado-mexicano-justicia-plena-y-paz","status":"publish","type":"post","link":"https:\/\/zonaroja.com.mx\/?p=60709","title":{"rendered":"Desde Oaxaca, diversas ONG exigen al Estado mexicano justicia plena y paz"},"content":{"rendered":"\n<p>Redacci\u00f3n\/Zona Roja.<\/p>\n\n\n\n<p>Oaxaca de Ju\u00e1rez, Oax., a 7 de octubre de 2023.- En el marco del Programa Servicio Civil para la Paz (SCP), 10 organizaciones de seis estados de M\u00e9xico, llevaron a cabo aqu\u00ed el encuentro \u201cConstruyendo en colectivo caminos hacia la paz con justicia\u201d con la finalidad de reflexionar sobre los desaf\u00edos del contexto y generar acciones conjuntas.&nbsp;<\/p>\n\n\n\n<p>El espacio permiti\u00f3 el intercambio de experiencias y estrategias para seguir pugnando por el respeto a los derechos humanos, por la atenci\u00f3n y prevenci\u00f3n de la violencia, as\u00ed como por la justicia y condiciones para la construcci\u00f3n de paz.<\/p>\n\n\n\n<p>En su oportunidad, Anna Karolina Chimiak, del Centro de Justicia para la Paz y el Desarrollo (CEPAD)-Jalisco, dio a conocer que en este Encuentro, las organizaciones manifestaron cinco principales&nbsp; preocupaciones.&nbsp;<\/p>\n\n\n\n<p>En primer lugar \u2013sostuvo- la pol\u00edtica de seguridad que avala los procesos de militarizaci\u00f3n por parte del Estado mexicano y su fallida lucha contra la impunidad, como se ha evidenciado en el caso de la desaparici\u00f3n forzada de 43 estudiantes de Ayotzinapa.<\/p>\n\n\n\n<p>Adem\u00e1s de la falta de mecanismos &nbsp;para atender la crisis migratoria, que est\u00e1 generando deshumanizaci\u00f3n, as\u00ed como graves violaciones a los derechos humanos tales como la violencia sexual y trata de mujeres, juventudes y ni\u00f1eces.<\/p>\n\n\n\n<p>La defensora expuso la preocupaci\u00f3n generalizada por&nbsp; las m\u00faltiples violencias que se ejercen contra quienes defienden derechos humanos, pues van 47 asesinatos de activistas perpetrados en Oaxaca entre 2018 y 2022.<\/p>\n\n\n\n<p>Como cuarto punto, extern\u00f3 la situaci\u00f3n de conflictividad que se vive en M\u00e9xico, particularmente en Oaxaca, donde el crimen organizado y grupos armados vinculados al cacicazgo pol\u00edtico, agrario y econ\u00f3mico atentan contra la poblaci\u00f3n civil con la aquiescencia de autoridades.&nbsp;<\/p>\n\n\n\n<p>Y subray\u00f3 la disputa por el control territorial entre grupos del crimen organizado en colusi\u00f3n con sectores del Estado y otros poderes f\u00e1cticos.<\/p>\n\n\n\n<p>Por lo que, ante el momento hist\u00f3rico que vive el pa\u00eds, Juan Enrique Mart\u00ednez Requenes, del Centro para los Derechos Humanos Fray Juan de Larios-Coahuila, refrend\u00f3 la solidaridad y respaldo de estas 10 organizaciones a las v\u00edctimas de violencia feminicida, desaparici\u00f3n forzada, desplazamiento forzado interno y &nbsp;con las familias de v\u00edctimas de violencia feminicida y de personas defensoras asesinadas.<\/p>\n\n\n\n<p>\u201cEs urgente que la definici\u00f3n de las acciones del Estado sea desde una mirada y acci\u00f3n interseccional, multicultural y no desde una l\u00f3gica sexista, racial y de discriminaci\u00f3n\u201d, subray\u00f3.<\/p>\n\n\n\n<p>CONTRA CORRUPCI\u00d3N E IMPUNIDAD<\/p>\n\n\n\n<p>En representaci\u00f3n de las 10 organizaciones, exigi\u00f3 al Estado Mexicano a actuar de manera contundente contra &nbsp;la corrupci\u00f3n, la impunidad y &nbsp;asumir con seriedad acciones en contra del funcionariado de los diferentes niveles de gobierno por encubrir intereses criminales de despojo institucional, pol\u00edtico y econ\u00f3mico; denunci\u00f3 que la denominada \u201cpol\u00edtica p\u00fablica de paz\u201d desarrollada por el gobierno estatal ha sido excluyente, pues para que sea real en Oaxaca es necesaria la participaci\u00f3n de la sociedad civil.<\/p>\n\n\n\n<p>Por su parte, Marcos Leyva Madrid, de Educa, A.C., subray\u00f3 que no puede existir paz si no hay justicia efectiva, ni &nbsp;condiciones para poder defender a las defensoras y defensores, toda vez que su labor se criminaliza, coloc\u00e1ndoles en una situaci\u00f3n de vulnerabilidad.<\/p>\n\n\n\n<p>Y en ese sentido, exigi\u00f3 al Gobierno de Oaxaca la liberaci\u00f3n de manera inmediata del defensor del bosque Pablo L\u00f3pez Alavez, quien se encuentra preso desde hace 13 a\u00f1os por un crimen que&nbsp; o cometi\u00f3.<\/p>\n\n\n\n<p>Por su parte, Diana Lepe de Serapaz, destac\u00f3 que se necesita un planteamiento de la paz en Oaxaca y en M\u00e9xico m\u00e1s all\u00e1 que una estrategia de seguridad que impone el uso de la fuerza; adem\u00e1s de considerar los impactos que afectan directamente a las v\u00edctimas.<\/p>\n\n\n\n<p>En el Encuentro estuvieron presentes representantes del Comit\u00e9 de Defensa Integral de Derechos Humanos, Gobixha (C\u00f3digo DH) \u2013 Oaxaca, Servicios para una Educaci\u00f3n Alternativa (Educa) \u2013 Oaxaca, del Centro de Derechos Humanos Fray Bartolom\u00e9 de las Casas \u2013 Chiapas, Comisi\u00f3n de Apoyo a la Unidad y Reconciliaci\u00f3n Comunitaria (Coreco) \u2013 Chiapas, Centro de Derechos Humanos de las Mujeres \u2013 Chihuahua, Centro de Justicia para la Paz y el Desarrollo (CEPAD) \u2013 Jalisco, Centro para los Derechos Humanos Fray Juan de Larios \u2013 Coahuila, Aluna Acompa\u00f1amiento Psicosocial \u2013 Cdmx, Servicios y Asesor\u00eda para la Paz (Serapaz) \u2013 Cdmx y Consorcio para el Di\u00e1logo Parlamentario y la Equidad Oaxaca \u2013 Oaxaca.<\/p>\n","protected":false},"excerpt":{"rendered":"<p>Redacci\u00f3n\/Zona Roja. Oaxaca de Ju\u00e1rez, Oax., a 7 de octubre de 2023.- En el marco&hellip;<\/p>\n","protected":false},"author":2,"featured_media":60715,"comment_status":"closed","ping_status":"open","sticky":false,"template":"","format":"standard","meta":{"_lmt_disableupdate":"","_lmt_disable":"","_jetpack_memberships_contains_paid_content":false,"footnotes":""},"categories":[109,47],"tags":[],"class_list":["post-60709","post","type-post","status-publish","format-standard","has-post-thumbnail","hentry","category-minuto-a-minuto","category-zona-gris"],"jetpack_featured_media_url":"https:\/\/zonaroja.com.mx\/wp-content\/uploads\/2023\/10\/Consorcio-Oaxaca-y-organismos-civiles.jpeg","jetpack_sharing_enabled":true,"_links":{"self":[{"href":"https:\/\/zonaroja.com.mx\/index.php?rest_route=\/wp\/v2\/posts\/60709","targetHints":{"allow":["GET"]}}],"collection":[{"href":"https:\/\/zonaroja.com.mx\/index.php?rest_route=\/wp\/v2\/posts"}],"about":[{"href":"https:\/\/zonaroja.com.mx\/index.php?rest_route=\/wp\/v2\/types\/post"}],"author":[{"embeddable":true,"href":"https:\/\/zonaroja.com.mx\/index.php?rest_route=\/wp\/v2\/users\/2"}],"replies":[{"embeddable":true,"href":"https:\/\/zonaroja.com.mx\/index.php?rest_route=%2Fwp%2Fv2%2Fcomments&post=60709"}],"version-history":[{"count":1,"href":"https:\/\/zonaroja.com.mx\/index.php?rest_route=\/wp\/v2\/posts\/60709\/revisions"}],"predecessor-version":[{"id":60716,"href":"https:\/\/zonaroja.com.mx\/index.php?rest_route=\/wp\/v2\/posts\/60709\/revisions\/60716"}],"wp:featuredmedia":[{"embeddable":true,"href":"https:\/\/zonaroja.com.mx\/index.php?rest_route=\/wp\/v2\/media\/60715"}],"wp:attachment":[{"href":"https:\/\/zonaroja.com.mx\/index.php?rest_route=%2Fwp%2Fv2%2Fmedia&parent=60709"}],"wp:term":[{"taxonomy":"category","embeddable":true,"href":"https:\/\/zonaroja.com.mx\/index.php?rest_route=%2Fwp%2Fv2%2Fcategories&post=60709"},{"taxonomy":"post_tag","embeddable":true,"href":"https:\/\/zonaroja.com.mx\/index.php?rest_route=%2Fwp%2Fv2%2Ftags&post=60709"}],"curies":[{"name":"wp","href":"https:\/\/api.w.org\/{rel}","templated":true}]}}