{"id":60717,"date":"2023-10-07T14:36:54","date_gmt":"2023-10-07T19:36:54","guid":{"rendered":"http:\/\/www.zonaroja.com.mx\/?p=60717"},"modified":"2023-10-07T14:36:57","modified_gmt":"2023-10-07T19:36:57","slug":"detectan-mas-danos-por-el-sismo-en-oaxaca-ahora-en-la-sierra-de-juarez","status":"publish","type":"post","link":"https:\/\/zonaroja.com.mx\/?p=60717","title":{"rendered":"Detectan m\u00e1s da\u00f1os por el sismo en Oaxaca, ahora en la Sierra de Ju\u00e1rez"},"content":{"rendered":"\n<p>Redacci\u00f3n\/Zona Roja.<\/p>\n\n\n\n<p>Oaxaca de Ju\u00e1rez, Oax., a 7 de octubre de 2023.- El gobierno de Oaxaca inform\u00f3 que, tras el monitoreo en todo el estado, en la regi\u00f3n de la Sierra de Ju\u00e1rez, en el barrio La Plomosa, perteneciente al municipio de Santiago Xiacu\u00ed, as\u00ed como en dos localidades de Guelatao de Ju\u00e1rez y en los municipios de San Juan Quiotepec, Abejones y San Pablo Macuiltianguis se encuentran sin energ\u00eda el\u00e9ctrica.<\/p>\n\n\n\n<p>Asimismo, dos viviendas resultaron afectadas en el municipio de San Pedro Yaneri; se reporta el colapso de un puente en Santiago Atitl\u00e1n y se presentan da\u00f1os en el templo de Santa Catarina Lachatao.<\/p>\n\n\n\n<p>En el municipio de Oaxaca de Ju\u00e1rez, la Direcci\u00f3n de Protecci\u00f3n Civil Municipal realiz\u00f3 el acordonamiento por desprendimiento de aplanado en un inmueble en mal estado, ubicado sobre la calle Col\u00f3n y Fiallo, en el Centro Hist\u00f3rico, al igual que en un inmueble ubicado en avenida Independencia frente al jard\u00edn \u201cS\u00f3crates\u201d.<\/p>\n\n\n\n<p>Dicho personal realiz\u00f3 recorridos en el Palacio Municipal, la explanada de la Alameda de Le\u00f3n, el z\u00f3calo y calles del primer cuadro de la ciudad, donde no se reportaron da\u00f1os.<\/p>\n\n\n\n<p>En el Hospital del ISSSTE, se registr\u00f3 el desprendimiento de plaf\u00f3n y personas con crisis nerviosa.<\/p>\n\n\n\n<p>Las dependencias de los gobiernos municipal, estatal y federal colaboran de manera conjunta para garantizar la seguridad de las familias oaxaque\u00f1as en caso de fen\u00f3menos perturbadores, detall\u00f3.<\/p>\n","protected":false},"excerpt":{"rendered":"<p>Redacci\u00f3n\/Zona Roja. Oaxaca de Ju\u00e1rez, Oax., a 7 de octubre de 2023.- El gobierno de&hellip;<\/p>\n","protected":false},"author":2,"featured_media":60718,"comment_status":"closed","ping_status":"open","sticky":false,"template":"","format":"standard","meta":{"_lmt_disableupdate":"","_lmt_disable":"","_jetpack_memberships_contains_paid_content":false,"footnotes":""},"categories":[109,47],"tags":[1782],"class_list":["post-60717","post","type-post","status-publish","format-standard","has-post-thumbnail","hentry","category-minuto-a-minuto","category-zona-gris","tag-sismo-oaxaca"],"jetpack_featured_media_url":"https:\/\/zonaroja.com.mx\/wp-content\/uploads\/2023\/10\/Sismo-Oaxaca-templo-San-Sebastian-Tutla.jpg","jetpack_sharing_enabled":true,"_links":{"self":[{"href":"https:\/\/zonaroja.com.mx\/index.php?rest_route=\/wp\/v2\/posts\/60717","targetHints":{"allow":["GET"]}}],"collection":[{"href":"https:\/\/zonaroja.com.mx\/index.php?rest_route=\/wp\/v2\/posts"}],"about":[{"href":"https:\/\/zonaroja.com.mx\/index.php?rest_route=\/wp\/v2\/types\/post"}],"author":[{"embeddable":true,"href":"https:\/\/zonaroja.com.mx\/index.php?rest_route=\/wp\/v2\/users\/2"}],"replies":[{"embeddable":true,"href":"https:\/\/zonaroja.com.mx\/index.php?rest_route=%2Fwp%2Fv2%2Fcomments&post=60717"}],"version-history":[{"count":1,"href":"https:\/\/zonaroja.com.mx\/index.php?rest_route=\/wp\/v2\/posts\/60717\/revisions"}],"predecessor-version":[{"id":60719,"href":"https:\/\/zonaroja.com.mx\/index.php?rest_route=\/wp\/v2\/posts\/60717\/revisions\/60719"}],"wp:featuredmedia":[{"embeddable":true,"href":"https:\/\/zonaroja.com.mx\/index.php?rest_route=\/wp\/v2\/media\/60718"}],"wp:attachment":[{"href":"https:\/\/zonaroja.com.mx\/index.php?rest_route=%2Fwp%2Fv2%2Fmedia&parent=60717"}],"wp:term":[{"taxonomy":"category","embeddable":true,"href":"https:\/\/zonaroja.com.mx\/index.php?rest_route=%2Fwp%2Fv2%2Fcategories&post=60717"},{"taxonomy":"post_tag","embeddable":true,"href":"https:\/\/zonaroja.com.mx\/index.php?rest_route=%2Fwp%2Fv2%2Ftags&post=60717"}],"curies":[{"name":"wp","href":"https:\/\/api.w.org\/{rel}","templated":true}]}}