{"id":60720,"date":"2023-10-08T14:37:17","date_gmt":"2023-10-08T19:37:17","guid":{"rendered":"http:\/\/www.zonaroja.com.mx\/?p=60720"},"modified":"2023-10-07T14:39:54","modified_gmt":"2023-10-07T19:39:54","slug":"reconoce-directora-del-cobao-talento-de-ganadores-en-brasil","status":"publish","type":"post","link":"https:\/\/zonaroja.com.mx\/?p=60720","title":{"rendered":"Reconoce directora del Cobao talento de ganadores en Brasil"},"content":{"rendered":"\n<p>Redacci\u00f3n\/Zona Roja.<\/p>\n\n\n\n<p>Oaxaca de Ju\u00e1rez, Oax. 7 de octubre de 2023.- Las estudiantes Sara Edith Villag\u00f3mez Garc\u00eda y Mar\u00eda de la Paz Rivera Carrasco del Colegio de Bachilleres del Estado de Oaxaca (Cobao) obtuvieron medalla de plata en la Quinta Feria de Ciencias Fenadante 2023, realizada en Sao Paulo, Brasil del 25 al 30 de septiembre.<\/p>\n\n\n\n<p>Las j\u00f3venes del plantel 16 Estaci\u00f3n Vicente en el municipio de Acatl\u00e1n de P\u00e9rez Figueroa, quienes cursan el quinto semestre, y con el apoyo de la asesora M\u00f3nica Iliana Sol\u00eds Garc\u00eda, destacaron con su proyecto Tlani Nantli que consiste en la obtenci\u00f3n de lixiviado y abono org\u00e1nico por medio de la lombriz roja californiana.<\/p>\n\n\n\n<p>En este encuentro de talla internacional participaron 138 proyectos de diversas instituciones educativas, en el que las oaxaque\u00f1as fueron las \u00fanicas que representaron a M\u00e9xico<\/p>\n\n\n\n<p>Las ganadoras destacaron que en su comunidad la actividad principal es la siembra y cosecha de la ca\u00f1a, donde la incorporaci\u00f3n de productos qu\u00edmicos ha deteriorado los suelos, por lo que se ha incrementado el uso de minerales y qu\u00edmicos, volvi\u00e9ndolos inf\u00e9rtiles.<\/p>\n\n\n\n<p>De ah\u00ed la importancia de su proyecto Tlali Nantli, mediante el cual, con el lixiviado humus de lombriz logran hacer un cambio radical en la fertilidad de los suelos ca\u00f1eros de la Cuenca del Papaloapan.<\/p>\n\n\n\n<p>La directora general del Cobao, Ver\u00f3nica Hern\u00e1ndez Gonz\u00e1lez, reconoci\u00f3 en las estudiantes originarias de Acatl\u00e1n de P\u00e9rez Figueroa, su destacada participaci\u00f3n en este certamen de ciencias, en el que pusieron en alto el nombre de Oaxaca y M\u00e9xico.<\/p>\n\n\n\n<p>Las j\u00f3venes contaron con el apoyo de la Direcci\u00f3n General del Cobao, de la Presidencia Municipal de Acatl\u00e1n de P\u00e9rez Figueroa y de la Direcci\u00f3n del Plantel 16 Estaci\u00f3n Vicente, as\u00ed como de sus familias.<\/p>\n","protected":false},"excerpt":{"rendered":"<p>Redacci\u00f3n\/Zona Roja. Oaxaca de Ju\u00e1rez, Oax. 7 de octubre de 2023.- Las estudiantes Sara Edith&hellip;<\/p>\n","protected":false},"author":2,"featured_media":60530,"comment_status":"closed","ping_status":"open","sticky":false,"template":"","format":"standard","meta":{"_lmt_disableupdate":"","_lmt_disable":"","_jetpack_memberships_contains_paid_content":false,"footnotes":""},"categories":[109,46],"tags":[2883],"class_list":["post-60720","post","type-post","status-publish","format-standard","has-post-thumbnail","hentry","category-minuto-a-minuto","category-zona-blanca","tag-colegio-de-bachilleres-de-oaxaca-cobao"],"jetpack_featured_media_url":"https:\/\/zonaroja.com.mx\/wp-content\/uploads\/2023\/10\/Cobao-Fenadante-San-Paolo-Brasil.jpg","jetpack_sharing_enabled":true,"_links":{"self":[{"href":"https:\/\/zonaroja.com.mx\/index.php?rest_route=\/wp\/v2\/posts\/60720","targetHints":{"allow":["GET"]}}],"collection":[{"href":"https:\/\/zonaroja.com.mx\/index.php?rest_route=\/wp\/v2\/posts"}],"about":[{"href":"https:\/\/zonaroja.com.mx\/index.php?rest_route=\/wp\/v2\/types\/post"}],"author":[{"embeddable":true,"href":"https:\/\/zonaroja.com.mx\/index.php?rest_route=\/wp\/v2\/users\/2"}],"replies":[{"embeddable":true,"href":"https:\/\/zonaroja.com.mx\/index.php?rest_route=%2Fwp%2Fv2%2Fcomments&post=60720"}],"version-history":[{"count":1,"href":"https:\/\/zonaroja.com.mx\/index.php?rest_route=\/wp\/v2\/posts\/60720\/revisions"}],"predecessor-version":[{"id":60721,"href":"https:\/\/zonaroja.com.mx\/index.php?rest_route=\/wp\/v2\/posts\/60720\/revisions\/60721"}],"wp:featuredmedia":[{"embeddable":true,"href":"https:\/\/zonaroja.com.mx\/index.php?rest_route=\/wp\/v2\/media\/60530"}],"wp:attachment":[{"href":"https:\/\/zonaroja.com.mx\/index.php?rest_route=%2Fwp%2Fv2%2Fmedia&parent=60720"}],"wp:term":[{"taxonomy":"category","embeddable":true,"href":"https:\/\/zonaroja.com.mx\/index.php?rest_route=%2Fwp%2Fv2%2Fcategories&post=60720"},{"taxonomy":"post_tag","embeddable":true,"href":"https:\/\/zonaroja.com.mx\/index.php?rest_route=%2Fwp%2Fv2%2Ftags&post=60720"}],"curies":[{"name":"wp","href":"https:\/\/api.w.org\/{rel}","templated":true}]}}