{"id":60724,"date":"2023-10-07T14:55:25","date_gmt":"2023-10-07T19:55:25","guid":{"rendered":"http:\/\/www.zonaroja.com.mx\/?p=60724"},"modified":"2023-10-07T14:55:27","modified_gmt":"2023-10-07T19:55:27","slug":"violencia-vuelve-a-san-antonio-de-la-cal-un-asesinado-con-arma-blanca","status":"publish","type":"post","link":"https:\/\/zonaroja.com.mx\/?p=60724","title":{"rendered":"Violencia vuelve a San Antonio de la Cal; un asesinado con arma blanca"},"content":{"rendered":"\n<p>Redacci\u00f3n\/Zona Roja.<\/p>\n\n\n\n<p>Oaxaca de Ju\u00e1rez, Oax., a 7 de octubre de 2023.- Una persona del sexo masculino fue asesinada por arma blanca la ma\u00f1ana de hoy en San Antonio de la Cal, municipio conurbado a la ciudad de Oaxaca.<\/p>\n\n\n\n<p>El cuerpo fue localizado en un paraje l\u00edmites con el fraccionamiento El Rosario, perteneciente este \u00faltimo al municipio de San Sebasti\u00e1n Tutla; presenta al menos dos lesiones por arma blanca, una de ellas en el pecho.<\/p>\n\n\n\n<p>La v\u00edctima a\u00fan no est\u00e1 identificada y viste una playera blanca sin mangas y un pantal\u00f3n negro, as\u00ed como tenis de color rojo; presenta tatuajes en los brazos.<\/p>\n\n\n\n<p>Vecinos de la zona han denunciado crecientes delitos en San Antonio de la Cal, as\u00ed como la omisi\u00f3n del presidente municipal, Porfirio Santos, quien pasa mayor tiempo fuera de la comunidad, al no ser oriundo del lugar, y ha desde\u00f1ado la seguridad de los pobladores.<\/p>\n\n\n\n<p>Por otra parte, en los primeros minutos de hoy fue reportado el hallazgo de un cuerpo sin vida, con huellas de violencia e impactos de arma de fuego, en el municipio de Juchit\u00e1n de Zaragoza.<\/p>\n\n\n\n<p>De manera preliminar se inform\u00f3 que respondi\u00f3 en vida al nombre de Pedro L., de 30 a\u00f1os de edad, y era de oficio mototaxista; el cuerpo se encontr\u00f3 en un camino de terracer\u00eda entre la cabecera municipal y la agencia La Ventosa; estaba envuelto en una cobija y ten\u00eda una cartulina con supuesto \u201cnarcomensaje\u201d.<\/p>\n\n\n\n<p>Hab\u00eda sido deportado como desaparecido d\u00edas atr\u00e1s por parte de sus familiares quienes, tras las diligencias ministeriales, se llevaron el cuerpo a su domicilio.<\/p>\n\n\n\n<p>Hasta el momento no se tiene ninguna pista del o de los delincuentes que le privaron de la vida.<\/p>\n","protected":false},"excerpt":{"rendered":"<p>Redacci\u00f3n\/Zona Roja. Oaxaca de Ju\u00e1rez, Oax., a 7 de octubre de 2023.- Una persona del&hellip;<\/p>\n","protected":false},"author":2,"featured_media":60710,"comment_status":"closed","ping_status":"open","sticky":false,"template":"","format":"standard","meta":{"_lmt_disableupdate":"","_lmt_disable":"","_jetpack_memberships_contains_paid_content":false,"footnotes":""},"categories":[109,51],"tags":[875],"class_list":["post-60724","post","type-post","status-publish","format-standard","has-post-thumbnail","hentry","category-minuto-a-minuto","category-zona-roja","tag-san-antonio-de-la-cal"],"jetpack_featured_media_url":"https:\/\/zonaroja.com.mx\/wp-content\/uploads\/2023\/10\/Asesinado-Santa-Cruz-Xoxocotlan.jpg","jetpack_sharing_enabled":true,"_links":{"self":[{"href":"https:\/\/zonaroja.com.mx\/index.php?rest_route=\/wp\/v2\/posts\/60724","targetHints":{"allow":["GET"]}}],"collection":[{"href":"https:\/\/zonaroja.com.mx\/index.php?rest_route=\/wp\/v2\/posts"}],"about":[{"href":"https:\/\/zonaroja.com.mx\/index.php?rest_route=\/wp\/v2\/types\/post"}],"author":[{"embeddable":true,"href":"https:\/\/zonaroja.com.mx\/index.php?rest_route=\/wp\/v2\/users\/2"}],"replies":[{"embeddable":true,"href":"https:\/\/zonaroja.com.mx\/index.php?rest_route=%2Fwp%2Fv2%2Fcomments&post=60724"}],"version-history":[{"count":1,"href":"https:\/\/zonaroja.com.mx\/index.php?rest_route=\/wp\/v2\/posts\/60724\/revisions"}],"predecessor-version":[{"id":60725,"href":"https:\/\/zonaroja.com.mx\/index.php?rest_route=\/wp\/v2\/posts\/60724\/revisions\/60725"}],"wp:featuredmedia":[{"embeddable":true,"href":"https:\/\/zonaroja.com.mx\/index.php?rest_route=\/wp\/v2\/media\/60710"}],"wp:attachment":[{"href":"https:\/\/zonaroja.com.mx\/index.php?rest_route=%2Fwp%2Fv2%2Fmedia&parent=60724"}],"wp:term":[{"taxonomy":"category","embeddable":true,"href":"https:\/\/zonaroja.com.mx\/index.php?rest_route=%2Fwp%2Fv2%2Fcategories&post=60724"},{"taxonomy":"post_tag","embeddable":true,"href":"https:\/\/zonaroja.com.mx\/index.php?rest_route=%2Fwp%2Fv2%2Ftags&post=60724"}],"curies":[{"name":"wp","href":"https:\/\/api.w.org\/{rel}","templated":true}]}}