{"id":60726,"date":"2023-10-08T07:30:52","date_gmt":"2023-10-08T12:30:52","guid":{"rendered":"http:\/\/www.zonaroja.com.mx\/?p=60726"},"modified":"2023-10-08T07:30:53","modified_gmt":"2023-10-08T12:30:53","slug":"terroristas-de-hamas-atacan-israel-en-un-dia-van-unos-500-muertos","status":"publish","type":"post","link":"https:\/\/zonaroja.com.mx\/?p=60726","title":{"rendered":"Terroristas de Ham\u00e1s atacan Israel: en un d\u00eda van unos 500 muertos"},"content":{"rendered":"\n<p>Redacci\u00f3n\/Zona Roja Cdmx.<\/p>\n\n\n\n<p>Ciudad de M\u00e9xico, a 8 de octubre de 2023.- El grupo islamista palestino Ham\u00e1s cifr\u00f3 este domingo en \u201cmucho m\u00e1s de varias docenas\u201d el n\u00famero de israel\u00edes secuestrados en la incursi\u00f3n realizada este s\u00e1bado en territorio de Israel y en la que de momento han muerto 250 ciudadanos de este pa\u00eds y 232 palestinos.<\/p>\n\n\n\n<p>Un portavoz del brazo armado de Ham\u00e1s, las Brigadas de Al Qasem, citado por medios de Israel, inform\u00f3 poco despu\u00e9s de comenzar el domingo, hora local, que la cifra de israel\u00edes \u201ccapturados\u201d era \u201cvarias veces mayor\u201d que unas docenas y precis\u00f3 que ya han sido distribuidos por diversos lugares de la Franja de Gaza.<\/p>\n\n\n\n<p>En la incursi\u00f3n, los milicianos mataron a soldados israel\u00edes y secuestraron a varios residentes en las localidades israel\u00edes cercanas a la franja, en torno a unas 50 personas, seg\u00fan fuentes de Gaza y videos difundidos por redes sociales donde se ven capturados a militares, civiles y tambi\u00e9n inmigrantes asi\u00e1ticos.<\/p>\n\n\n\n<p>Tenemos m\u00e1s rehenes de los que (el primer ministro israel\u00ed, Benjam\u00edn) Netanyahu ha dicho y se encuentran en diversos lugares de la Franja de Gaza. Confirmamos el secuestro de decenas, entre ellos oficiales y soldados del Ej\u00e9rcito\u201d, manifest\u00f3 el portavoz.<\/p>\n\n\n\n<p>\u201cLa entidad ocupante\u201d (como denomina Ham\u00e1s a Israel) \u201cse enfrenta a una profunda crisis ante la fortaleza de nuestros hombres, ante los que huyeron cientos de soldados, que dejaron sus armas y tanques ante nuestros combatientes\u201d, indic\u00f3.<\/p>\n\n\n\n<p>De acuerdo con estimaciones locales, se calcula que el n\u00famero de milicianos que actualmente siguen en Israel es mucho m\u00e1s alto de la cifra dada por las autoridades israel\u00edes y podr\u00eda ser de cientos o incluso m\u00e1s de mil efectivos de las Brigadas Al Qasam, ala militar de Ham\u00e1s, o el brazo armado del grupo islamista Yihad Isl\u00e1mica.<\/p>\n\n\n\n<p>La cifra de heridos en Israel se elev\u00f3 a unos mil 600, seg\u00fan la \u00faltima actualizaci\u00f3n facilitada por fuentes medicas israel\u00edes al comenzar el domingo mientras que en la Franja ascienden a mil 700, seg\u00fan el recuento del Ministerio de Sanidad de Gaza.<\/p>\n\n\n\n<p>(Con informaci\u00f3n de EFE, en L\u00f3pez-D\u00f3riga Digital)<\/p>\n","protected":false},"excerpt":{"rendered":"<p>Redacci\u00f3n\/Zona Roja Cdmx. Ciudad de M\u00e9xico, a 8 de octubre de 2023.- El grupo islamista&hellip;<\/p>\n","protected":false},"author":2,"featured_media":60727,"comment_status":"closed","ping_status":"open","sticky":false,"template":"","format":"standard","meta":{"_lmt_disableupdate":"","_lmt_disable":"","_jetpack_memberships_contains_paid_content":false,"footnotes":""},"categories":[109,47],"tags":[2668],"class_list":["post-60726","post","type-post","status-publish","format-standard","has-post-thumbnail","hentry","category-minuto-a-minuto","category-zona-gris","tag-conflicto-gaza-israel"],"jetpack_featured_media_url":"https:\/\/zonaroja.com.mx\/wp-content\/uploads\/2023\/10\/Ataques-Israel-Gaza.jpg","jetpack_sharing_enabled":true,"_links":{"self":[{"href":"https:\/\/zonaroja.com.mx\/index.php?rest_route=\/wp\/v2\/posts\/60726","targetHints":{"allow":["GET"]}}],"collection":[{"href":"https:\/\/zonaroja.com.mx\/index.php?rest_route=\/wp\/v2\/posts"}],"about":[{"href":"https:\/\/zonaroja.com.mx\/index.php?rest_route=\/wp\/v2\/types\/post"}],"author":[{"embeddable":true,"href":"https:\/\/zonaroja.com.mx\/index.php?rest_route=\/wp\/v2\/users\/2"}],"replies":[{"embeddable":true,"href":"https:\/\/zonaroja.com.mx\/index.php?rest_route=%2Fwp%2Fv2%2Fcomments&post=60726"}],"version-history":[{"count":1,"href":"https:\/\/zonaroja.com.mx\/index.php?rest_route=\/wp\/v2\/posts\/60726\/revisions"}],"predecessor-version":[{"id":60728,"href":"https:\/\/zonaroja.com.mx\/index.php?rest_route=\/wp\/v2\/posts\/60726\/revisions\/60728"}],"wp:featuredmedia":[{"embeddable":true,"href":"https:\/\/zonaroja.com.mx\/index.php?rest_route=\/wp\/v2\/media\/60727"}],"wp:attachment":[{"href":"https:\/\/zonaroja.com.mx\/index.php?rest_route=%2Fwp%2Fv2%2Fmedia&parent=60726"}],"wp:term":[{"taxonomy":"category","embeddable":true,"href":"https:\/\/zonaroja.com.mx\/index.php?rest_route=%2Fwp%2Fv2%2Fcategories&post=60726"},{"taxonomy":"post_tag","embeddable":true,"href":"https:\/\/zonaroja.com.mx\/index.php?rest_route=%2Fwp%2Fv2%2Ftags&post=60726"}],"curies":[{"name":"wp","href":"https:\/\/api.w.org\/{rel}","templated":true}]}}