{"id":60735,"date":"2023-10-08T13:00:00","date_gmt":"2023-10-08T18:00:00","guid":{"rendered":"http:\/\/www.zonaroja.com.mx\/?p=60735"},"modified":"2023-10-08T07:45:28","modified_gmt":"2023-10-08T12:45:28","slug":"la-tragedia-de-la-migracion-tambien-en-europa-mas-de-28-mil-muertos","status":"publish","type":"post","link":"https:\/\/zonaroja.com.mx\/?p=60735","title":{"rendered":"La tragedia de la migraci\u00f3n tambi\u00e9n en Europa: m\u00e1s de 28 mil muertos"},"content":{"rendered":"\n<p>Redacci\u00f3n\/Zona Roja Cdmx.<\/p>\n\n\n\n<p>Ciudad de M\u00e9xico, a 8 de octubre de 2023.- M\u00e1s de 28 mil personas han muerto o resultado desaparecidas en su intento de cruzar el Mediterr\u00e1neo para llegar a Europa desde 2014, de estas mil 143 eran ni\u00f1os, inform\u00f3 hoy la organizaci\u00f3n Save the Children.<\/p>\n\n\n\n<p>La organizaci\u00f3n humanitaria detall\u00f3 que solo en 2023 habr\u00e1 m\u00e1s de 100 menores muertos o desaparecidos en el Mediterr\u00e1neo, el 4 por ciento del total, un porcentaje que ha crecido dr\u00e1sticamente respecto a 2014, cuando eran menos del 1 por ciento.<\/p>\n\n\n\n<p>Save the Children public\u00f3 estos datos con motivo del d\u00e9cimo aniversario del dram\u00e1tico naufragio frente a las costas de la isla italiana de Lampedusa del 3 de octubre de 2013, en el que 368 personas perdieron la vida.<\/p>\n\n\n\n<p>Desde 2014 m\u00e1s de 112 mil menores no acompa\u00f1ados llegaron a Italia a trav\u00e9s del Mediterr\u00e1neo central y en lo que va de a\u00f1o son unos 11 mil 600 ni\u00f1os los han llegado por mar sin compa\u00f1\u00eda ni al cuidado de adultos.<\/p>\n\n\n\n<p>\u201cAnte el grito y la indignaci\u00f3n que se levant\u00f3 en aquella ocasi\u00f3n, que hizo decir \u2018nunca m\u00e1s\u2019, solo ha habido o\u00eddos sordos y 10 a\u00f1os despu\u00e9s seguimos hablando de los mismos dram\u00e1ticos hechos\u201d, indic\u00f3.<\/p>\n\n\n\n<p>\u201cLas personas que huyen de las guerras, la persecuci\u00f3n, la violencia, la pobreza extrema y las crisis humanitarias siguen arriesgando sus vidas, dependiendo de los traficantes, ante la falta de rutas legales y seguras, para llegar a Europa\u201d, lament\u00f3 la organizaci\u00f3n.<\/p>\n\n\n\n<p>La directora de Programas Italia-Europa de Save the Children, Raffaela Milano, afirm\u00f3 que su organizaci\u00f3n no se cansar\u00e1 \u201cde pedir la creaci\u00f3n de v\u00edas legales y seguras para llegar a Europa\u201d, as\u00ed como de la asunci\u00f3n de responsabilidad conjunta por parte de Italia y los dem\u00e1s Estados miembros de la UE para el despliegue de un sistema coordinado y estructurado de b\u00fasqueda y salvamento en el mar\u201d, actuando \u201cde acuerdo con los principios internacionales y demostrando la solidaridad, que es un valor fundacional de la Uni\u00f3n Europea\u201d.<\/p>\n\n\n\n<p>(Con informaci\u00f3n de EFE)<\/p>\n","protected":false},"excerpt":{"rendered":"<p>Redacci\u00f3n\/Zona Roja Cdmx. Ciudad de M\u00e9xico, a 8 de octubre de 2023.- M\u00e1s de 28&hellip;<\/p>\n","protected":false},"author":2,"featured_media":52184,"comment_status":"closed","ping_status":"open","sticky":false,"template":"","format":"standard","meta":{"_lmt_disableupdate":"","_lmt_disable":"","_jetpack_memberships_contains_paid_content":false,"footnotes":""},"categories":[109,47],"tags":[3697],"class_list":["post-60735","post","type-post","status-publish","format-standard","has-post-thumbnail","hentry","category-minuto-a-minuto","category-zona-gris","tag-migracion-europa-mediterraneo"],"jetpack_featured_media_url":"https:\/\/zonaroja.com.mx\/wp-content\/uploads\/2023\/02\/Naugragio-Europa-Italia-migrantes.jpeg","jetpack_sharing_enabled":true,"_links":{"self":[{"href":"https:\/\/zonaroja.com.mx\/index.php?rest_route=\/wp\/v2\/posts\/60735","targetHints":{"allow":["GET"]}}],"collection":[{"href":"https:\/\/zonaroja.com.mx\/index.php?rest_route=\/wp\/v2\/posts"}],"about":[{"href":"https:\/\/zonaroja.com.mx\/index.php?rest_route=\/wp\/v2\/types\/post"}],"author":[{"embeddable":true,"href":"https:\/\/zonaroja.com.mx\/index.php?rest_route=\/wp\/v2\/users\/2"}],"replies":[{"embeddable":true,"href":"https:\/\/zonaroja.com.mx\/index.php?rest_route=%2Fwp%2Fv2%2Fcomments&post=60735"}],"version-history":[{"count":1,"href":"https:\/\/zonaroja.com.mx\/index.php?rest_route=\/wp\/v2\/posts\/60735\/revisions"}],"predecessor-version":[{"id":60736,"href":"https:\/\/zonaroja.com.mx\/index.php?rest_route=\/wp\/v2\/posts\/60735\/revisions\/60736"}],"wp:featuredmedia":[{"embeddable":true,"href":"https:\/\/zonaroja.com.mx\/index.php?rest_route=\/wp\/v2\/media\/52184"}],"wp:attachment":[{"href":"https:\/\/zonaroja.com.mx\/index.php?rest_route=%2Fwp%2Fv2%2Fmedia&parent=60735"}],"wp:term":[{"taxonomy":"category","embeddable":true,"href":"https:\/\/zonaroja.com.mx\/index.php?rest_route=%2Fwp%2Fv2%2Fcategories&post=60735"},{"taxonomy":"post_tag","embeddable":true,"href":"https:\/\/zonaroja.com.mx\/index.php?rest_route=%2Fwp%2Fv2%2Ftags&post=60735"}],"curies":[{"name":"wp","href":"https:\/\/api.w.org\/{rel}","templated":true}]}}