{"id":60737,"date":"2023-10-08T11:47:00","date_gmt":"2023-10-08T16:47:00","guid":{"rendered":"http:\/\/www.zonaroja.com.mx\/?p=60737"},"modified":"2023-10-08T07:53:56","modified_gmt":"2023-10-08T12:53:56","slug":"vive-mexico-ola-de-secuestros-y-desapariciones-de-jovenes","status":"publish","type":"post","link":"https:\/\/zonaroja.com.mx\/?p=60737","title":{"rendered":"Vive M\u00e9xico ola de secuestros y desapariciones de j\u00f3venes"},"content":{"rendered":"\n<p>Redacci\u00f3n\/Zona Roja Cdmx.<\/p>\n\n\n\n<p>Ciudad de M\u00e9xico, a 8 de octubre de 2023.- El secuestro y homicidio de los cuatro j\u00f3venes en la regi\u00f3n oeste de Chihuahua, el 27 de septiembre y localizados muertos el pasado jueves, hace recordar los casos que sacudieron al pa\u00eds en los \u00faltimos meses: el primero de ellos, el secuestro de cinco j\u00f3venes en Lagos de Moreno, Jalisco; el segundo, el plagio de siete personas en Zacatecas, de los cuales s\u00f3lo una fue encontrada con vida.<\/p>\n\n\n\n<p>Seg\u00fan datos del Registro Nacional de Personas Desaparecidas y No Localizadas en el pa\u00eds hay 112 mil 77 personas en esa condici\u00f3n: Jalisco -el estado con m\u00e1s desaparecidos- concentra 14 mil 905 casos; Zacatecas 3 mil 652 y Chihuahua 3 mil 536.<\/p>\n\n\n\n<p>Los datos de la Comisi\u00f3n Nacional de B\u00fasqueda (CNB) hacen un recuento desde el 1 de enero de 1962 hasta la fecha, periodo en el cual se han localizado 171 mil 429 personas con vida, 13 mil 688 sin vida, 13 mil 192 siguen sin ser localizadas, mientras que a 98 mil 885 se les considera como desaparecidas.<\/p>\n\n\n\n<p>Estado de M\u00e9xico (2 mil 143), Jalisco (mil 131) y Sinaloa (mil 368) son las entidades en donde se han encontrado a m\u00e1s personas sin vida.&nbsp;<\/p>\n\n\n\n<p>En materia de personas desaparecidas, Jalisco encabeza la lista con 14 mil 343 casos; Tamaulipas le sigue con 12 mil 157 y Estado de M\u00e9xico 10 mil 247.<\/p>\n\n\n\n<p>Pese a que el conteo inici\u00f3 a principios de la d\u00e9cada de 1960, los datos de la CNB indican un incremento de personas desaparecidas, localizadas y no localizadas a partir del a\u00f1o 2007, la mayor\u00eda de ellas j\u00f3venes entre los 15 y los 19 a\u00f1os.<\/p>\n\n\n\n<p>El 28 de septiembre de 2013 H\u00e9ctor Fabi\u00e1n Polanco Parra y Daril Salvador Lozano Orozco -ambos de 17 a\u00f1os y originarios de Chihuahua capital- desaparecieron en el municipio de Jim\u00e9nez.<\/p>\n\n\n\n<p>Desde hace 10 a\u00f1os sus familias no saben nada de ellos; no tienen idea de lo que les pas\u00f3, pero los siguen buscando. Las autoridades no han sabido darles respuestas -refieren-.<\/p>\n\n\n\n<p>Un d\u00eda salieron de sus casas y no volvieron; a 10 a\u00f1os de distancia contin\u00faan compartiendo sus fichas de b\u00fasqueda por si alguien los reconoce; aunque a 10 a\u00f1os las im\u00e1genes que tienen de ellos son de cuando ten\u00edan 17 a\u00f1os, no de como se ver\u00edan ahora como adultos.<\/p>\n\n\n\n<p>(Informaci\u00f3n de Infobae M\u00e9xico)<\/p>\n","protected":false},"excerpt":{"rendered":"<p>Redacci\u00f3n\/Zona Roja Cdmx. Ciudad de M\u00e9xico, a 8 de octubre de 2023.- El secuestro y&hellip;<\/p>\n","protected":false},"author":2,"featured_media":49133,"comment_status":"closed","ping_status":"open","sticky":false,"template":"","format":"standard","meta":{"_lmt_disableupdate":"","_lmt_disable":"","_jetpack_memberships_contains_paid_content":false,"footnotes":""},"categories":[109,47],"tags":[3496],"class_list":["post-60737","post","type-post","status-publish","format-standard","has-post-thumbnail","hentry","category-minuto-a-minuto","category-zona-gris","tag-desaparecidos-mexico"],"jetpack_featured_media_url":"https:\/\/zonaroja.com.mx\/wp-content\/uploads\/2022\/12\/Busqueda-de-personas-desaparecidos.jpg","jetpack_sharing_enabled":true,"_links":{"self":[{"href":"https:\/\/zonaroja.com.mx\/index.php?rest_route=\/wp\/v2\/posts\/60737","targetHints":{"allow":["GET"]}}],"collection":[{"href":"https:\/\/zonaroja.com.mx\/index.php?rest_route=\/wp\/v2\/posts"}],"about":[{"href":"https:\/\/zonaroja.com.mx\/index.php?rest_route=\/wp\/v2\/types\/post"}],"author":[{"embeddable":true,"href":"https:\/\/zonaroja.com.mx\/index.php?rest_route=\/wp\/v2\/users\/2"}],"replies":[{"embeddable":true,"href":"https:\/\/zonaroja.com.mx\/index.php?rest_route=%2Fwp%2Fv2%2Fcomments&post=60737"}],"version-history":[{"count":1,"href":"https:\/\/zonaroja.com.mx\/index.php?rest_route=\/wp\/v2\/posts\/60737\/revisions"}],"predecessor-version":[{"id":60738,"href":"https:\/\/zonaroja.com.mx\/index.php?rest_route=\/wp\/v2\/posts\/60737\/revisions\/60738"}],"wp:featuredmedia":[{"embeddable":true,"href":"https:\/\/zonaroja.com.mx\/index.php?rest_route=\/wp\/v2\/media\/49133"}],"wp:attachment":[{"href":"https:\/\/zonaroja.com.mx\/index.php?rest_route=%2Fwp%2Fv2%2Fmedia&parent=60737"}],"wp:term":[{"taxonomy":"category","embeddable":true,"href":"https:\/\/zonaroja.com.mx\/index.php?rest_route=%2Fwp%2Fv2%2Fcategories&post=60737"},{"taxonomy":"post_tag","embeddable":true,"href":"https:\/\/zonaroja.com.mx\/index.php?rest_route=%2Fwp%2Fv2%2Ftags&post=60737"}],"curies":[{"name":"wp","href":"https:\/\/api.w.org\/{rel}","templated":true}]}}