{"id":60739,"date":"2023-10-08T14:54:00","date_gmt":"2023-10-08T19:54:00","guid":{"rendered":"http:\/\/www.zonaroja.com.mx\/?p=60739"},"modified":"2023-10-08T08:03:26","modified_gmt":"2023-10-08T13:03:26","slug":"en-lo-que-va-del-ano-47-extranjeros-fallecidos-en-el-tramo-oaxaca-cuacnopalan","status":"publish","type":"post","link":"https:\/\/zonaroja.com.mx\/?p=60739","title":{"rendered":"En lo que va del a\u00f1o, 47 extranjeros fallecidos en el tramo Oaxaca-Cuacnopalan"},"content":{"rendered":"\n<p>Redacci\u00f3n\/Zona Roja Cdmx.<\/p>\n\n\n\n<p>Ciudad de M\u00e9xico, a 8 de octubre de 2023.- En lo que va del a\u00f1o 47 migrantes han fallecido en tres accidentes vehiculares ocurridos en el tramo carreterro Cuacnopalan-Oaxaca, 16 de ellos, este viernes. En tanto, 29 indocumentados murieron en la reciente semana, en diferentes puntos del pa\u00eds, a causa de este tipo de percances.<\/p>\n\n\n\n<p>Seg\u00fan reportes oficiales, el 19 de febrero pasado un autob\u00fas de turismo volc\u00f3 en la v\u00eda de Cuacnopalan-Oaxaca, dejando 15 personas muertas y 14 lesionadas, procedentes de Colombia, Honduras y Venezuela.&nbsp;<\/p>\n\n\n\n<p>El 22 de agosto un cami\u00f3n se impact\u00f3 contra un veh\u00edculo de carga en esta misma zona; en aquella ocasi\u00f3n murieron 16 indocumentados y 36 quedaron lesionados; la mayor\u00eda originarios de Venezuela.<\/p>\n\n\n\n<p>Este viernes, las autoridades reportaron en dicha carretera el deceso de 16 extranjeros (11 hombres, dos mujeres y tres menores de edad), en su mayor\u00eda venezolanos, tras la volcadura del autob\u00fas de pasajeros en el que viajaban.&nbsp;<\/p>\n\n\n\n<p>OTRAS TRAGEDIAS<\/p>\n\n\n\n<p>En tanto, en Chiapas, el pasado 1 de octubre, 10 mujeres de nacionalidad cubana perdieron la vida cuando la camioneta tipo torton en la que se trasladaban volc\u00f3 en el kil\u00f3metro 134 del tramo carretero Pijijiapan-Tonal\u00e1.<\/p>\n\n\n\n<p>El 28 de septiembre, tambi\u00e9n en dicha entidad, dos migrantes murieron al volcarse el cami\u00f3n de volteo en el que viajaban en el kil\u00f3metro 125 de la carretera Malpaso-La Herradura, a la altura del ejido R\u00f3mulo Calzada, municipio de Mezcalapa.<\/p>\n\n\n\n<p>Un d\u00eda despu\u00e9s, el Instituto Nacional de Migraci\u00f3n inform\u00f3 que una persona originaria de Ecuador falleci\u00f3 en Mexicali, Baja California, cuando una camioneta del INM transportaba a un grupo de indocumentados del Aeropuerto Internacional, ubicado en la ciudad, a una oficina administrativa de la dependencia.<\/p>\n\n\n\n<p>(Informaci\u00f3n de \u00abLa Jornada\u00bb)<\/p>\n","protected":false},"excerpt":{"rendered":"<p>Redacci\u00f3n\/Zona Roja Cdmx. Ciudad de M\u00e9xico, a 8 de octubre de 2023.- En lo que&hellip;<\/p>\n","protected":false},"author":2,"featured_media":60659,"comment_status":"closed","ping_status":"open","sticky":false,"template":"","format":"standard","meta":{"_lmt_disableupdate":"","_lmt_disable":"","_jetpack_memberships_contains_paid_content":false,"footnotes":""},"categories":[109,47],"tags":[3416],"class_list":["post-60739","post","type-post","status-publish","format-standard","has-post-thumbnail","hentry","category-minuto-a-minuto","category-zona-gris","tag-accidentes-carreteros-oaxaca"],"jetpack_featured_media_url":"https:\/\/zonaroja.com.mx\/wp-content\/uploads\/2023\/10\/Autobus-accidente-migrantes-supercarrtera-Oaxaca-Cuacnopalan.jpeg","jetpack_sharing_enabled":true,"_links":{"self":[{"href":"https:\/\/zonaroja.com.mx\/index.php?rest_route=\/wp\/v2\/posts\/60739","targetHints":{"allow":["GET"]}}],"collection":[{"href":"https:\/\/zonaroja.com.mx\/index.php?rest_route=\/wp\/v2\/posts"}],"about":[{"href":"https:\/\/zonaroja.com.mx\/index.php?rest_route=\/wp\/v2\/types\/post"}],"author":[{"embeddable":true,"href":"https:\/\/zonaroja.com.mx\/index.php?rest_route=\/wp\/v2\/users\/2"}],"replies":[{"embeddable":true,"href":"https:\/\/zonaroja.com.mx\/index.php?rest_route=%2Fwp%2Fv2%2Fcomments&post=60739"}],"version-history":[{"count":1,"href":"https:\/\/zonaroja.com.mx\/index.php?rest_route=\/wp\/v2\/posts\/60739\/revisions"}],"predecessor-version":[{"id":60740,"href":"https:\/\/zonaroja.com.mx\/index.php?rest_route=\/wp\/v2\/posts\/60739\/revisions\/60740"}],"wp:featuredmedia":[{"embeddable":true,"href":"https:\/\/zonaroja.com.mx\/index.php?rest_route=\/wp\/v2\/media\/60659"}],"wp:attachment":[{"href":"https:\/\/zonaroja.com.mx\/index.php?rest_route=%2Fwp%2Fv2%2Fmedia&parent=60739"}],"wp:term":[{"taxonomy":"category","embeddable":true,"href":"https:\/\/zonaroja.com.mx\/index.php?rest_route=%2Fwp%2Fv2%2Fcategories&post=60739"},{"taxonomy":"post_tag","embeddable":true,"href":"https:\/\/zonaroja.com.mx\/index.php?rest_route=%2Fwp%2Fv2%2Ftags&post=60739"}],"curies":[{"name":"wp","href":"https:\/\/api.w.org\/{rel}","templated":true}]}}