{"id":60741,"date":"2023-10-08T11:00:00","date_gmt":"2023-10-08T16:00:00","guid":{"rendered":"http:\/\/www.zonaroja.com.mx\/?p=60741"},"modified":"2023-10-08T08:14:54","modified_gmt":"2023-10-08T13:14:54","slug":"sismo-de-6-3-en-afganistan-han-dejado-mas-de-mil-muertos","status":"publish","type":"post","link":"https:\/\/zonaroja.com.mx\/?p=60741","title":{"rendered":"Sismo de 6.3 en Afganistan han dejado m\u00e1s de mil muertos"},"content":{"rendered":"\n<p>Redacci\u00f3n\/Zona Roja Cdmx.<\/p>\n\n\n\n<p>Ciudad de M\u00e9xico, a 8 de octubre de 2023.- M\u00e1s de mil personas murieron en el violento terremoto de magnitud 6.3 que sacudi\u00f3 el s\u00e1bado el oeste de Afganist\u00e1n, declar\u00f3 el domingo un portavoz del gobierno talib\u00e1n.<\/p>\n\n\n\n<p>\u00abLastimosamente, el n\u00famero de v\u00edctimas es muy alto\u00bb, dijo a la AFP Bilal Karimi, vocero del gobierno talib\u00e1n, dando una cifra de \u00abm\u00e1s de mil muertos\u00bb.<\/p>\n\n\n\n<p>El Servicio Geol\u00f3gico de Estados Unidos&nbsp;inform\u00f3 que el epicentro del sismo se situ\u00f3 a 40 kil\u00f3metros al noroeste de la ciudad de Herat, en la provincia del mismo nombre.<\/p>\n\n\n\n<p>Despu\u00e9s del sismo hubo siete r\u00e9plicas de magnitudes entre 4.6 y 6.3.<\/p>\n\n\n\n<p>\u00abPor el momento figuran en nuestros registros m\u00e1s de mil mujeres, ni\u00f1os y ancianos heridos, y unas 120 personas han perdido la vida\u00bb, declar\u00f3 a AFP Mosa Ashari, director de gesti\u00f3n de cat\u00e1strofes de la provincia de Herat.<\/p>\n\n\n\n<p>Los temblores comenzaron a las 11:00 (local) y provocaron p\u00e1nico en la poblaci\u00f3n, que huy\u00f3 de los edificios.<\/p>\n\n\n\n<p>\u00abEst\u00e1bamos en nuestras oficinas cuando el edificio empez\u00f3 a temblar de repente y los revestimientos de las paredes se cayeron. Los muros se fisuraron, y una parte del edificio se derrumb\u00f3\u00bb, cont\u00f3 a AFP Bashir Ahmad, un hombre de 45 a\u00f1os.<\/p>\n\n\n\n<p>\u00abNo consigo contactar con mi familia, las conexiones y las redes no funcionan. Estoy ansioso y asustado, ha sido aterrador\u00bb, a\u00f1adi\u00f3.<\/p>\n\n\n\n<p>La poblaci\u00f3n busc\u00f3 refugiarse en calles anchas, lejos de edificios altos despu\u00e9s del primer sismo y ante las r\u00e9plicas, muchos habitantes fueron cautelosos antes de volver a sus viviendas.<\/p>\n\n\n\n<p>M\u00e1s temprano, el portavoz de la Autoridad Nacional de Gesti\u00f3n de Desastres, Mullah Jan Sayeq, inform\u00f3 a la AFP que se proyectaba que el balance de v\u00edctimas mortales \u00absubiera mucho\u00bb.<\/p>\n\n\n\n<p>\u00abHay algunas \u00e1reas que est\u00e1n totalmente colapsadas y todas las casas est\u00e1n da\u00f1adas\u00bb, dijo. \u00abTodav\u00eda hay personas enterradas bajo los escombros\u00bb, agreg\u00f3.<\/p>\n\n\n\n<p>El USGS indic\u00f3 en un informe preliminar que podr\u00eda haber cientos de v\u00edctimas fatales.<\/p>\n\n\n\n<p>\u00abEs probable que haya un n\u00famero importante de v\u00edctimas, y que la cat\u00e1strofe sea potencialmente extensa\u00bb, indic\u00f3 el instituto estadounidense.<\/p>\n\n\n\n<p>Herat, a 120 kil\u00f3metros al este de la frontera con Ir\u00e1n, es la capital de la provincia hom\u00f3nima, donde viven cerca de 1,9 millones de personas seg\u00fan datos del Banco Mundial de 2019.<\/p>\n\n\n\n<p>(Informaci\u00f3n de AFP en \u201cMilenio\u201d)<\/p>\n","protected":false},"excerpt":{"rendered":"<p>Redacci\u00f3n\/Zona Roja Cdmx. Ciudad de M\u00e9xico, a 8 de octubre de 2023.- M\u00e1s de mil&hellip;<\/p>\n","protected":false},"author":2,"featured_media":60743,"comment_status":"closed","ping_status":"open","sticky":false,"template":"","format":"standard","meta":{"_lmt_disableupdate":"","_lmt_disable":"","_jetpack_memberships_contains_paid_content":false,"footnotes":""},"categories":[109,47],"tags":[3698],"class_list":["post-60741","post","type-post","status-publish","format-standard","has-post-thumbnail","hentry","category-minuto-a-minuto","category-zona-gris","tag-afganistan"],"jetpack_featured_media_url":"https:\/\/zonaroja.com.mx\/wp-content\/uploads\/2023\/10\/Sismo-Afganistan.jpeg","jetpack_sharing_enabled":true,"_links":{"self":[{"href":"https:\/\/zonaroja.com.mx\/index.php?rest_route=\/wp\/v2\/posts\/60741","targetHints":{"allow":["GET"]}}],"collection":[{"href":"https:\/\/zonaroja.com.mx\/index.php?rest_route=\/wp\/v2\/posts"}],"about":[{"href":"https:\/\/zonaroja.com.mx\/index.php?rest_route=\/wp\/v2\/types\/post"}],"author":[{"embeddable":true,"href":"https:\/\/zonaroja.com.mx\/index.php?rest_route=\/wp\/v2\/users\/2"}],"replies":[{"embeddable":true,"href":"https:\/\/zonaroja.com.mx\/index.php?rest_route=%2Fwp%2Fv2%2Fcomments&post=60741"}],"version-history":[{"count":1,"href":"https:\/\/zonaroja.com.mx\/index.php?rest_route=\/wp\/v2\/posts\/60741\/revisions"}],"predecessor-version":[{"id":60744,"href":"https:\/\/zonaroja.com.mx\/index.php?rest_route=\/wp\/v2\/posts\/60741\/revisions\/60744"}],"wp:featuredmedia":[{"embeddable":true,"href":"https:\/\/zonaroja.com.mx\/index.php?rest_route=\/wp\/v2\/media\/60743"}],"wp:attachment":[{"href":"https:\/\/zonaroja.com.mx\/index.php?rest_route=%2Fwp%2Fv2%2Fmedia&parent=60741"}],"wp:term":[{"taxonomy":"category","embeddable":true,"href":"https:\/\/zonaroja.com.mx\/index.php?rest_route=%2Fwp%2Fv2%2Fcategories&post=60741"},{"taxonomy":"post_tag","embeddable":true,"href":"https:\/\/zonaroja.com.mx\/index.php?rest_route=%2Fwp%2Fv2%2Ftags&post=60741"}],"curies":[{"name":"wp","href":"https:\/\/api.w.org\/{rel}","templated":true}]}}