{"id":60745,"date":"2023-10-08T09:07:17","date_gmt":"2023-10-08T14:07:17","guid":{"rendered":"http:\/\/www.zonaroja.com.mx\/?p=60745"},"modified":"2023-10-08T09:07:19","modified_gmt":"2023-10-08T14:07:19","slug":"transformacion-avanza-en-oaxaca-afirma-antonino-morales","status":"publish","type":"post","link":"https:\/\/zonaroja.com.mx\/?p=60745","title":{"rendered":"Transformaci\u00f3n avanza en Oaxaca, afirma Antonino Morales"},"content":{"rendered":"\n<p>Raymundo Morales\/Zona Roja.<\/p>\n\n\n\n<p>Oaxaca de Ju\u00e1rez, Oax., a 8 de octubre de 2023.- El militante del Partido Morena, Antonino Morales Toledo, recorri\u00f3 este s\u00e1bado la regi\u00f3n del Istmo de Tehuantepec, donde reiter\u00f3 que la transformaci\u00f3n avanza en Oaxaca con paso firma.<\/p>\n\n\n\n<p>Tanto en Mat\u00edas Romero Avenda\u00f1o como en otras localidades, fue invitado a participar en asambleas informativas, donde resalt\u00f3 la unidad en el instituto pol\u00edtico que fund\u00f3 el Presidente Andr\u00e9s Manuel L\u00f3pez Obrador.<\/p>\n\n\n\n<p>Desde la ciudad ferrocarrilera, que guarda un pasado de rieles que fue rescatado &nbsp;por el gobierno federal, el joven pol\u00edtico istme\u00f1o se\u00f1al\u00f3 que la organizaci\u00f3n implica el orden, lo que permitir\u00e1 llegar a un fin y que una vez logrado, ser\u00e1 el mismo pueblo el beneficiado con bienestar, como se ha avanzado en toda la Rep\u00fablica M\u00e9xicana, desde la llegada del Gobierno de M\u00e9xico de la mano del mandatario mexicano.<\/p>\n\n\n\n<p>\u00abEn las asambleas informativas el pueblo se organiza para luchar juntos. Sigamos con la revoluci\u00f3n de conciencias para que unidos llevemos ese mensaje de esperanza\u00bb, destac\u00f3 Morales Toledo.<\/p>\n\n\n\n<p>Nino Morales, junto con la doctora Laura Estrada Mauro, participaron en encuentros con la militancia, en donde coincidieron en hablar sobre el camino de &nbsp;esperanza que debe continuar para consolidar proyectos estrat\u00e9gicos del movimiento.<\/p>\n","protected":false},"excerpt":{"rendered":"<p>Raymundo Morales\/Zona Roja. Oaxaca de Ju\u00e1rez, Oax., a 8 de octubre de 2023.- El militante&hellip;<\/p>\n","protected":false},"author":2,"featured_media":60746,"comment_status":"closed","ping_status":"open","sticky":false,"template":"","format":"standard","meta":{"_lmt_disableupdate":"","_lmt_disable":"","_jetpack_memberships_contains_paid_content":false,"footnotes":""},"categories":[109,46],"tags":[180],"class_list":["post-60745","post","type-post","status-publish","format-standard","has-post-thumbnail","hentry","category-minuto-a-minuto","category-zona-blanca","tag-antonino-morales-toledo"],"jetpack_featured_media_url":"https:\/\/zonaroja.com.mx\/wp-content\/uploads\/2023\/10\/Antonino-Morales-Istmo-Matias-Romero.jpg","jetpack_sharing_enabled":true,"_links":{"self":[{"href":"https:\/\/zonaroja.com.mx\/index.php?rest_route=\/wp\/v2\/posts\/60745","targetHints":{"allow":["GET"]}}],"collection":[{"href":"https:\/\/zonaroja.com.mx\/index.php?rest_route=\/wp\/v2\/posts"}],"about":[{"href":"https:\/\/zonaroja.com.mx\/index.php?rest_route=\/wp\/v2\/types\/post"}],"author":[{"embeddable":true,"href":"https:\/\/zonaroja.com.mx\/index.php?rest_route=\/wp\/v2\/users\/2"}],"replies":[{"embeddable":true,"href":"https:\/\/zonaroja.com.mx\/index.php?rest_route=%2Fwp%2Fv2%2Fcomments&post=60745"}],"version-history":[{"count":1,"href":"https:\/\/zonaroja.com.mx\/index.php?rest_route=\/wp\/v2\/posts\/60745\/revisions"}],"predecessor-version":[{"id":60747,"href":"https:\/\/zonaroja.com.mx\/index.php?rest_route=\/wp\/v2\/posts\/60745\/revisions\/60747"}],"wp:featuredmedia":[{"embeddable":true,"href":"https:\/\/zonaroja.com.mx\/index.php?rest_route=\/wp\/v2\/media\/60746"}],"wp:attachment":[{"href":"https:\/\/zonaroja.com.mx\/index.php?rest_route=%2Fwp%2Fv2%2Fmedia&parent=60745"}],"wp:term":[{"taxonomy":"category","embeddable":true,"href":"https:\/\/zonaroja.com.mx\/index.php?rest_route=%2Fwp%2Fv2%2Fcategories&post=60745"},{"taxonomy":"post_tag","embeddable":true,"href":"https:\/\/zonaroja.com.mx\/index.php?rest_route=%2Fwp%2Fv2%2Ftags&post=60745"}],"curies":[{"name":"wp","href":"https:\/\/api.w.org\/{rel}","templated":true}]}}