{"id":60749,"date":"2023-10-08T11:52:27","date_gmt":"2023-10-08T16:52:27","guid":{"rendered":"http:\/\/www.zonaroja.com.mx\/?p=60749"},"modified":"2023-10-08T11:52:28","modified_gmt":"2023-10-08T16:52:28","slug":"no-paran-ejecuciones-en-juchitan-este-domingo-otro","status":"publish","type":"post","link":"https:\/\/zonaroja.com.mx\/?p=60749","title":{"rendered":"No paran ejecuciones en Juchit\u00e1n; este domingo otro"},"content":{"rendered":"\n<p>Redacci\u00f3n\/Zona Roja.<\/p>\n\n\n\n<p>Oaxaca de Ju\u00e1rez, Oax., a 8 de octubre de 2023.- La ola de ejecuciones contin\u00faa sin freno en Juchit\u00e1n de Zaragoza, frente a la inacci\u00f3n de la autoridad municipal.<\/p>\n\n\n\n<p>Esta ma\u00f1ana, un individuo identificado de manera preliminar como Armando S. C., fue asesinado a balazos, en la calle Col\u00f3n esquina con Melchor Ocampo, en la Quinta Secci\u00f3n.<\/p>\n\n\n\n<p>Como ha ocurrido en la mayor\u00eda de los casos, los polic\u00edas municipales llegaron s\u00f3lo para resguardar la escena pero no hay detenidos relacionados con este crimen.<\/p>\n\n\n\n<p>En tanto los familiares arribaron y retiraron de inmediato el cuerpo, sin permitir la labor del Ministerio P\u00fablico y de los polic\u00edas de investigaci\u00f3n. <\/p>\n\n\n\n<p>Por otra parte, anoche en Santo Domingo Tehuantepec un individuo fue atacado con disparos de arma de fuego, en el tramo carretero de ese municipio a Juchit\u00e1n, a la altura del paraje conocido como \u201cLa Labor\u201d.<\/p>\n\n\n\n<p>Personal de la Cruz Roje Mexicana acudi\u00f3 a su auxilio y lo traslad\u00f3 al hospital general, donde a\u00fan se desconoce su estado de salud, al igual que su identidad; al sujeto le dejaron una manta con un supuesto mensaje del crimen organizado.<\/p>\n\n\n\n<p>Mientras tanto en la Villa de Zaachila, vecinos denunciaron continuos esc\u00e1ndalos en un bar ubicado en las calles Tetzilacalzin y Cosijoeza, donde ayer fue atacada con arma blanca una persona.<\/p>\n\n\n\n<p>Lamentaron que a pesar de m\u00faltiples denuncias, el presidente municipal Rigoberto Chac\u00f3n P\u00e9rez, del Partido Morena, ha hecho caso omiso y por lo cual presumen que tiene compromisos con el propietario del establecimiento.<\/p>\n\n\n\n<p>\u201cSabemos de la mala fama que tiene ese lugar pero el presidente le tiene miedo a ese se\u00f1or que le dicen \u2018El Rat\u00f3n\u2019, este se\u00f1or hace y deshace\u201d, denunciaron a trav\u00e9s de las redes sociales.<\/p>\n","protected":false},"excerpt":{"rendered":"<p>Redacci\u00f3n\/Zona Roja. Oaxaca de Ju\u00e1rez, Oax., a 8 de octubre de 2023.- La ola de&hellip;<\/p>\n","protected":false},"author":2,"featured_media":60748,"comment_status":"closed","ping_status":"open","sticky":false,"template":"","format":"standard","meta":{"_lmt_disableupdate":"","_lmt_disable":"","_jetpack_memberships_contains_paid_content":false,"footnotes":""},"categories":[109,51],"tags":[],"class_list":["post-60749","post","type-post","status-publish","format-standard","has-post-thumbnail","hentry","category-minuto-a-minuto","category-zona-roja"],"jetpack_featured_media_url":"https:\/\/zonaroja.com.mx\/wp-content\/uploads\/2023\/10\/e863f41d-cbf9-4f04-9485-1df9e6923db3-1.jpg","jetpack_sharing_enabled":true,"_links":{"self":[{"href":"https:\/\/zonaroja.com.mx\/index.php?rest_route=\/wp\/v2\/posts\/60749","targetHints":{"allow":["GET"]}}],"collection":[{"href":"https:\/\/zonaroja.com.mx\/index.php?rest_route=\/wp\/v2\/posts"}],"about":[{"href":"https:\/\/zonaroja.com.mx\/index.php?rest_route=\/wp\/v2\/types\/post"}],"author":[{"embeddable":true,"href":"https:\/\/zonaroja.com.mx\/index.php?rest_route=\/wp\/v2\/users\/2"}],"replies":[{"embeddable":true,"href":"https:\/\/zonaroja.com.mx\/index.php?rest_route=%2Fwp%2Fv2%2Fcomments&post=60749"}],"version-history":[{"count":1,"href":"https:\/\/zonaroja.com.mx\/index.php?rest_route=\/wp\/v2\/posts\/60749\/revisions"}],"predecessor-version":[{"id":60750,"href":"https:\/\/zonaroja.com.mx\/index.php?rest_route=\/wp\/v2\/posts\/60749\/revisions\/60750"}],"wp:featuredmedia":[{"embeddable":true,"href":"https:\/\/zonaroja.com.mx\/index.php?rest_route=\/wp\/v2\/media\/60748"}],"wp:attachment":[{"href":"https:\/\/zonaroja.com.mx\/index.php?rest_route=%2Fwp%2Fv2%2Fmedia&parent=60749"}],"wp:term":[{"taxonomy":"category","embeddable":true,"href":"https:\/\/zonaroja.com.mx\/index.php?rest_route=%2Fwp%2Fv2%2Fcategories&post=60749"},{"taxonomy":"post_tag","embeddable":true,"href":"https:\/\/zonaroja.com.mx\/index.php?rest_route=%2Fwp%2Fv2%2Ftags&post=60749"}],"curies":[{"name":"wp","href":"https:\/\/api.w.org\/{rel}","templated":true}]}}