{"id":60757,"date":"2023-10-08T22:04:34","date_gmt":"2023-10-09T03:04:34","guid":{"rendered":"http:\/\/www.zonaroja.com.mx\/?p=60757"},"modified":"2023-10-09T18:58:27","modified_gmt":"2023-10-09T23:58:27","slug":"vinculan-a-proceso-y-mandan-a-prision-a-agresores-de-policias-viales-en-oaxaca","status":"publish","type":"post","link":"https:\/\/zonaroja.com.mx\/?p=60757","title":{"rendered":"Vinculan a proceso y mandan a prisi\u00f3n a agresores de polic\u00edas viales en Oaxaca"},"content":{"rendered":"\n<p>Redacci\u00f3n\/Zona Roja.<\/p>\n\n\n\n<p>Oaxaca de Ju\u00e1rez, Oax., a 8 de octubre de 2023.- Tras las pruebas presentadas por el Ministerio P\u00fablico de la Fiscal\u00eda General del Estado, un juez del Poder Judicial de Oaxaca determin\u00f3 vincular a proceso y dictar prisi\u00f3n preventiva a dos sujetos que la semana pasada agredieron a dos elementos de la polic\u00eda vial de la capital.<\/p>\n\n\n\n<p>Fue el martes de la semana pasada en la calle Z\u00e1rate, cerca del parque \u201cEl Llano\u201d del centro de la ciudad, en que Edwin C. M. y Jared C. M., en presunto estado de ebriedad se opusieron a un arresto y golpearon a elementos de vialidad.<\/p>\n\n\n\n<p>Tras la llegada de refuerzos, lograron ser detenidos y consignados consignados a la Fiscal\u00eda General del Estado como presuntos responsables de los delitos de lesiones, da\u00f1os y delitos contra funcionarios p\u00fablicos.<\/p>\n\n\n\n<p>Al cumplirse el t\u00e9rmino constitucional, el viernes se llev\u00f3 a cabo la Audiencia de Control, donde se confirm\u00f3 como legal su detenci\u00f3n, y el Juez los vincul\u00f3 a proceso.<\/p>\n\n\n\n<p>Luego de la diligencia, los imputados solicitaron la duplicidad del t\u00e9rmino constitucional, as\u00ed como medida cautelar, el Juez les impuso prisi\u00f3n preventiva justificada al representar un peligro para la sociedad y para los mismos agentes de vialidad.<\/p>\n","protected":false},"excerpt":{"rendered":"<p>Redacci\u00f3n\/Zona Roja. Oaxaca de Ju\u00e1rez, Oax., a 8 de octubre de 2023.- Tras las pruebas&hellip;<\/p>\n","protected":false},"author":2,"featured_media":60754,"comment_status":"closed","ping_status":"open","sticky":false,"template":"","format":"standard","meta":{"_lmt_disableupdate":"","_lmt_disable":"","_jetpack_memberships_contains_paid_content":false,"footnotes":""},"categories":[109,46],"tags":[494],"class_list":["post-60757","post","type-post","status-publish","format-standard","has-post-thumbnail","hentry","category-minuto-a-minuto","category-zona-blanca","tag-fiscalia-general-del-estado-de-oaxaca"],"jetpack_featured_media_url":"https:\/\/zonaroja.com.mx\/wp-content\/uploads\/2023\/10\/Detenidos-ciudad-de-Oaxaca-por-golpear-a-agentes-viales.jpg","jetpack_sharing_enabled":true,"_links":{"self":[{"href":"https:\/\/zonaroja.com.mx\/index.php?rest_route=\/wp\/v2\/posts\/60757","targetHints":{"allow":["GET"]}}],"collection":[{"href":"https:\/\/zonaroja.com.mx\/index.php?rest_route=\/wp\/v2\/posts"}],"about":[{"href":"https:\/\/zonaroja.com.mx\/index.php?rest_route=\/wp\/v2\/types\/post"}],"author":[{"embeddable":true,"href":"https:\/\/zonaroja.com.mx\/index.php?rest_route=\/wp\/v2\/users\/2"}],"replies":[{"embeddable":true,"href":"https:\/\/zonaroja.com.mx\/index.php?rest_route=%2Fwp%2Fv2%2Fcomments&post=60757"}],"version-history":[{"count":2,"href":"https:\/\/zonaroja.com.mx\/index.php?rest_route=\/wp\/v2\/posts\/60757\/revisions"}],"predecessor-version":[{"id":60791,"href":"https:\/\/zonaroja.com.mx\/index.php?rest_route=\/wp\/v2\/posts\/60757\/revisions\/60791"}],"wp:featuredmedia":[{"embeddable":true,"href":"https:\/\/zonaroja.com.mx\/index.php?rest_route=\/wp\/v2\/media\/60754"}],"wp:attachment":[{"href":"https:\/\/zonaroja.com.mx\/index.php?rest_route=%2Fwp%2Fv2%2Fmedia&parent=60757"}],"wp:term":[{"taxonomy":"category","embeddable":true,"href":"https:\/\/zonaroja.com.mx\/index.php?rest_route=%2Fwp%2Fv2%2Fcategories&post=60757"},{"taxonomy":"post_tag","embeddable":true,"href":"https:\/\/zonaroja.com.mx\/index.php?rest_route=%2Fwp%2Fv2%2Ftags&post=60757"}],"curies":[{"name":"wp","href":"https:\/\/api.w.org\/{rel}","templated":true}]}}