{"id":60762,"date":"2023-10-09T08:15:32","date_gmt":"2023-10-09T13:15:32","guid":{"rendered":"http:\/\/www.zonaroja.com.mx\/?p=60762"},"modified":"2023-10-09T08:15:35","modified_gmt":"2023-10-09T13:15:35","slug":"pueblos-de-la-region-cuenca-reciben-a-antonino-morales","status":"publish","type":"post","link":"https:\/\/zonaroja.com.mx\/?p=60762","title":{"rendered":"Pueblos de la regi\u00f3n Cuenca reciben a Antonino Morales"},"content":{"rendered":"\n<p>Raymundo Morales\/Zona Roja.<\/p>\n\n\n\n<p>Oaxaca de Ju\u00e1rez, Oax., a 9 de octubre de 2023.- Cientos de habitantes de diversas comunidades de la regi\u00f3n Cuenca recibieron este fin de semana a Antonino Morales Toledo, uno de los militantes distinguidos del Partido Morena.<\/p>\n\n\n\n<p>En diversos encuentro masivos, uno de ellos en San Miguel Soyaltepec, el referente de la llamada Cuarta Transformaci\u00f3n convoc\u00f3 a mantener viva la llama de la esperanza, para lograr el desarrollo pleno de los pueblos.<\/p>\n\n\n\n<p>Junto a Laura Estrada Mauro, el pol\u00edtico originario de la regi\u00f3n del Istmo destac\u00f3 la importancia de la unidad y el trabajo en equipo que se debe mantener para que el camino de esperanza trazada por el Presidente Andr\u00e9s Manuel L\u00f3pez Obrador, se mantenga viva y siga impactando en los pueblos y comunidades del estado.<\/p>\n\n\n\n<p>Nino Morales se\u00f1al\u00f3 que la Cuenca del Papaloapan es una regi\u00f3n rica en costumbres y tradiciones, en su vegetaci\u00f3n, pero sobre todo en su gente c\u00e1lida, comprometida y trabajadora, quienes est\u00e1n y van convencidos con el movimiento de transformaci\u00f3n.<\/p>\n\n\n\n<p>Agradeci\u00f3 la invitaci\u00f3n que recibieron de militantes del Movimiento de Regeneraci\u00f3n para visitar varios municipios de la zona de Tuxtepec y reiter\u00f3 que desde cualquier trinchera seguir\u00e1n aportando su esfuerzo para que Oaxaca alcance plenamente su desarrollo y la transformaci\u00f3n anhelada.<\/p>\n","protected":false},"excerpt":{"rendered":"<p>Raymundo Morales\/Zona Roja. Oaxaca de Ju\u00e1rez, Oax., a 9 de octubre de 2023.- Cientos de&hellip;<\/p>\n","protected":false},"author":2,"featured_media":60766,"comment_status":"closed","ping_status":"open","sticky":false,"template":"","format":"standard","meta":{"_lmt_disableupdate":"","_lmt_disable":"","_jetpack_memberships_contains_paid_content":false,"footnotes":""},"categories":[109,46],"tags":[180],"class_list":["post-60762","post","type-post","status-publish","format-standard","has-post-thumbnail","hentry","category-minuto-a-minuto","category-zona-blanca","tag-antonino-morales-toledo"],"jetpack_featured_media_url":"https:\/\/zonaroja.com.mx\/wp-content\/uploads\/2023\/10\/Antonino-Morales-Toledo-en-la-Cuenca.jpg","jetpack_sharing_enabled":true,"_links":{"self":[{"href":"https:\/\/zonaroja.com.mx\/index.php?rest_route=\/wp\/v2\/posts\/60762","targetHints":{"allow":["GET"]}}],"collection":[{"href":"https:\/\/zonaroja.com.mx\/index.php?rest_route=\/wp\/v2\/posts"}],"about":[{"href":"https:\/\/zonaroja.com.mx\/index.php?rest_route=\/wp\/v2\/types\/post"}],"author":[{"embeddable":true,"href":"https:\/\/zonaroja.com.mx\/index.php?rest_route=\/wp\/v2\/users\/2"}],"replies":[{"embeddable":true,"href":"https:\/\/zonaroja.com.mx\/index.php?rest_route=%2Fwp%2Fv2%2Fcomments&post=60762"}],"version-history":[{"count":1,"href":"https:\/\/zonaroja.com.mx\/index.php?rest_route=\/wp\/v2\/posts\/60762\/revisions"}],"predecessor-version":[{"id":60767,"href":"https:\/\/zonaroja.com.mx\/index.php?rest_route=\/wp\/v2\/posts\/60762\/revisions\/60767"}],"wp:featuredmedia":[{"embeddable":true,"href":"https:\/\/zonaroja.com.mx\/index.php?rest_route=\/wp\/v2\/media\/60766"}],"wp:attachment":[{"href":"https:\/\/zonaroja.com.mx\/index.php?rest_route=%2Fwp%2Fv2%2Fmedia&parent=60762"}],"wp:term":[{"taxonomy":"category","embeddable":true,"href":"https:\/\/zonaroja.com.mx\/index.php?rest_route=%2Fwp%2Fv2%2Fcategories&post=60762"},{"taxonomy":"post_tag","embeddable":true,"href":"https:\/\/zonaroja.com.mx\/index.php?rest_route=%2Fwp%2Fv2%2Ftags&post=60762"}],"curies":[{"name":"wp","href":"https:\/\/api.w.org\/{rel}","templated":true}]}}