{"id":60771,"date":"2023-10-09T09:22:00","date_gmt":"2023-10-09T14:22:00","guid":{"rendered":"http:\/\/www.zonaroja.com.mx\/?p=60771"},"modified":"2023-10-09T08:27:13","modified_gmt":"2023-10-09T13:27:13","slug":"edil-de-xoxocotlan-y-gobernador-suman-esfuerzos-en-rescate-del-atoyac","status":"publish","type":"post","link":"https:\/\/zonaroja.com.mx\/?p=60771","title":{"rendered":"Edil de Xoxocotl\u00e1n y gobernador suman esfuerzos en rescate del \u201cAtoyac\u201d"},"content":{"rendered":"\n<p>Redacci\u00f3n\/Zona Roja.<\/p>\n\n\n\n<p>Oaxaca de Ju\u00e1rez, Oax., a 9 de octubre de 2023.- Comprometido con el rescate del r\u00edo \u201cAtoyac\u201d y el cuidado al medio ambiente, este domingo, el presidente municipal de Santa Cruz Xoxocotl\u00e1n, Inocente Castellanos Alejos, acompa\u00f1\u00f3 al gobernador Salom\u00f3n Jara Cruz, al megatequio Bienestar, con el que se busca sanear el importante afluente que atraviesa diversos municipios de los Valles Centrales en Oaxaca.<\/p>\n\n\n\n<p>Muy de ma\u00f1ana, autoridades municipales y personal del gobierno xoxe\u00f1o, encabezados por el edi se dieron cita en la ribera del \u201cAtoyac\u201d, ubicada del lado de la avenida Manuel G\u00f3mez Mor\u00edn, para apoyar los trabajos de adecentamiento de la franja d\u00f3nde, de acuerdo a lo manifestado por el mandatario estatal, se impulsar\u00e1 un parque lineal para la convivencia y recreaci\u00f3n de la poblaci\u00f3n oaxaque\u00f1a.<\/p>\n\n\n\n<p>\u00abEstamos convencidos de que solo en unidad avanzaremos para mejorar el Estado, por eso seguimos el ejemplo del &nbsp;mandatario, qui\u00e9n ha mostrado con hechos que el gobierno se debe ejercer en territorio y no en escritorio\u00bb, dijo Castellanos Alejos.<\/p>\n\n\n\n<p>Agreg\u00f3 que la administraci\u00f3n que encabeza contribuir\u00e1 de manera decidida en el rescate del r\u00edo \u201cAtoyac\u201d, para garantizar un ambiente sano a la poblaci\u00f3n actual y sobre todo, a las generaciones futuras.<\/p>\n\n\n\n<p>El edil de Xoxo subray\u00f3 que en esta y todas las convocatorias que se realizan a favor de la transformaci\u00f3n de Oaxaca son bienvenidas en su gobierno, porque la finalidad es que la poblaci\u00f3n viva en mejores condiciones.<\/p>\n\n\n\n<p>\u00abSiempre hemos llevado una relaci\u00f3n de respeto y coordinaci\u00f3n con el gobernador Salom\u00f3n Jara, quien adem\u00e1s ha mostrado su disposici\u00f3n permanente para ayudarnos en las tareas que emprendemos en Xoxo y de eso se trata, de unir esfuerzos para que Oaxaca se transforme\u00bb, puntualiz\u00f3.<\/p>\n","protected":false},"excerpt":{"rendered":"<p>Redacci\u00f3n\/Zona Roja. Oaxaca de Ju\u00e1rez, Oax., a 9 de octubre de 2023.- Comprometido con el&hellip;<\/p>\n","protected":false},"author":2,"featured_media":60764,"comment_status":"closed","ping_status":"open","sticky":false,"template":"","format":"standard","meta":{"_lmt_disableupdate":"","_lmt_disable":"","_jetpack_memberships_contains_paid_content":false,"footnotes":""},"categories":[109,46],"tags":[3066,133],"class_list":["post-60771","post","type-post","status-publish","format-standard","has-post-thumbnail","hentry","category-minuto-a-minuto","category-zona-blanca","tag-inocente-castellanos-alejos","tag-santa-cruz-xoxocotlan"],"jetpack_featured_media_url":"https:\/\/zonaroja.com.mx\/wp-content\/uploads\/2023\/10\/Inocente-Castellanos-y-Salomon-Jara.jpg","jetpack_sharing_enabled":true,"_links":{"self":[{"href":"https:\/\/zonaroja.com.mx\/index.php?rest_route=\/wp\/v2\/posts\/60771","targetHints":{"allow":["GET"]}}],"collection":[{"href":"https:\/\/zonaroja.com.mx\/index.php?rest_route=\/wp\/v2\/posts"}],"about":[{"href":"https:\/\/zonaroja.com.mx\/index.php?rest_route=\/wp\/v2\/types\/post"}],"author":[{"embeddable":true,"href":"https:\/\/zonaroja.com.mx\/index.php?rest_route=\/wp\/v2\/users\/2"}],"replies":[{"embeddable":true,"href":"https:\/\/zonaroja.com.mx\/index.php?rest_route=%2Fwp%2Fv2%2Fcomments&post=60771"}],"version-history":[{"count":1,"href":"https:\/\/zonaroja.com.mx\/index.php?rest_route=\/wp\/v2\/posts\/60771\/revisions"}],"predecessor-version":[{"id":60772,"href":"https:\/\/zonaroja.com.mx\/index.php?rest_route=\/wp\/v2\/posts\/60771\/revisions\/60772"}],"wp:featuredmedia":[{"embeddable":true,"href":"https:\/\/zonaroja.com.mx\/index.php?rest_route=\/wp\/v2\/media\/60764"}],"wp:attachment":[{"href":"https:\/\/zonaroja.com.mx\/index.php?rest_route=%2Fwp%2Fv2%2Fmedia&parent=60771"}],"wp:term":[{"taxonomy":"category","embeddable":true,"href":"https:\/\/zonaroja.com.mx\/index.php?rest_route=%2Fwp%2Fv2%2Fcategories&post=60771"},{"taxonomy":"post_tag","embeddable":true,"href":"https:\/\/zonaroja.com.mx\/index.php?rest_route=%2Fwp%2Fv2%2Ftags&post=60771"}],"curies":[{"name":"wp","href":"https:\/\/api.w.org\/{rel}","templated":true}]}}