{"id":60775,"date":"2023-10-09T14:47:00","date_gmt":"2023-10-09T19:47:00","guid":{"rendered":"http:\/\/www.zonaroja.com.mx\/?p=60775"},"modified":"2023-10-09T08:59:53","modified_gmt":"2023-10-09T13:59:53","slug":"poder-judicial-de-oaxaca-y-el-cocitei-firman-convenio-de-colaboracion","status":"publish","type":"post","link":"https:\/\/zonaroja.com.mx\/?p=60775","title":{"rendered":"Poder Judicial de Oaxaca y el Cocitei firman convenio de colaboraci\u00f3n"},"content":{"rendered":"\n<p>Redacci\u00f3n\/Zona Roja.&nbsp;<\/p>\n\n\n\n<p>Oaxaca de Ju\u00e1rez, Oax., a 9 de octubre de 2023.-&nbsp;Para enfrentar los retos que la investigaci\u00f3n, difusi\u00f3n y divulgaci\u00f3n del conocimiento presentan en los diversos escenarios en los que se hace ciencia, el Consejo Oaxaque\u00f1o de Ciencia, Tecnolog\u00eda e Innovaci\u00f3n (Cocitei) y el Poder Judicial del Estado de Oaxaca (PJEO), firmaron un convenio de colaboraci\u00f3n institucional que marca un hito importante en la b\u00fasqueda de justicia y fortalecimiento de la investigaci\u00f3n de las y los oaxaque\u00f1os.<\/p>\n\n\n\n<p>En su oportunidad la directora del Cocitei, Xhunaxhi Fernanda Mau G\u00f3mez destac\u00f3 que, en atenci\u00f3n a la Ley General en Materia de Humanidades, Ciencias, Tecnolog\u00edas e Innovaci\u00f3n, el Gobierno Estatal busca crear un c\u00edrculo virtuoso que fomente investigaciones innovadoras que para mejorar la calidad educativa y las instituciones acad\u00e9micas.<\/p>\n\n\n\n<p>Por lo que, a trav\u00e9s de este acuerdo, dijo, se realizar\u00e1n programas de investigaci\u00f3n, difusi\u00f3n y divulgaci\u00f3n de resultados conjuntos que promuevan las siguientes ideas: \u00e1reas de inter\u00e9s mutuo relacionadas con el sistema judicial y su innovaci\u00f3n; convocatorias para proyectos de investigaci\u00f3n con la finalidad de que las personas interesadas presenten proyectos de investigaci\u00f3n relevantes para este sistema; seminarios, conferencias y eventos acad\u00e9micos; publicaciones conjuntas entre la Escuela Judicial del Poder Judicial y el Cocitei, entre otras m\u00e1s.<\/p>\n\n\n\n<p>En tanto, el titular del PJEO, Eduardo Pinacho S\u00e1nchez expres\u00f3 que esta dependencia est\u00e1 comprometida en aprovechar los avances de la ciencia, tecnolog\u00eda e investigaci\u00f3n que impulsen la formaci\u00f3n y profesionalizaci\u00f3n del personal servidor p\u00fablico.<\/p>\n\n\n\n<p>Agreg\u00f3 que esta alianza refuerza el compromiso compartido de servir a la justicia y garantizar la seguridad y bienestar de las y los oaxaque\u00f1os, as\u00ed como de un sistema de justicia m\u00e1s fuerte y eficiente que responda a las expectativas sociales en beneficio de Oaxaca.<\/p>\n","protected":false},"excerpt":{"rendered":"<p>Redacci\u00f3n\/Zona Roja.&nbsp; Oaxaca de Ju\u00e1rez, Oax., a 9 de octubre de 2023.-&nbsp;Para enfrentar los retos&hellip;<\/p>\n","protected":false},"author":2,"featured_media":60763,"comment_status":"closed","ping_status":"open","sticky":false,"template":"","format":"standard","meta":{"_lmt_disableupdate":"","_lmt_disable":"","_jetpack_memberships_contains_paid_content":false,"footnotes":""},"categories":[109,46],"tags":[223],"class_list":["post-60775","post","type-post","status-publish","format-standard","has-post-thumbnail","hentry","category-minuto-a-minuto","category-zona-blanca","tag-poder-judicial-de-oaxaca"],"jetpack_featured_media_url":"https:\/\/zonaroja.com.mx\/wp-content\/uploads\/2023\/10\/leceran-Cocitei-y-PJEO-sistema-de-justicia-oaxaqueno-con-firma-de-convenio-.jpeg","jetpack_sharing_enabled":true,"_links":{"self":[{"href":"https:\/\/zonaroja.com.mx\/index.php?rest_route=\/wp\/v2\/posts\/60775","targetHints":{"allow":["GET"]}}],"collection":[{"href":"https:\/\/zonaroja.com.mx\/index.php?rest_route=\/wp\/v2\/posts"}],"about":[{"href":"https:\/\/zonaroja.com.mx\/index.php?rest_route=\/wp\/v2\/types\/post"}],"author":[{"embeddable":true,"href":"https:\/\/zonaroja.com.mx\/index.php?rest_route=\/wp\/v2\/users\/2"}],"replies":[{"embeddable":true,"href":"https:\/\/zonaroja.com.mx\/index.php?rest_route=%2Fwp%2Fv2%2Fcomments&post=60775"}],"version-history":[{"count":1,"href":"https:\/\/zonaroja.com.mx\/index.php?rest_route=\/wp\/v2\/posts\/60775\/revisions"}],"predecessor-version":[{"id":60776,"href":"https:\/\/zonaroja.com.mx\/index.php?rest_route=\/wp\/v2\/posts\/60775\/revisions\/60776"}],"wp:featuredmedia":[{"embeddable":true,"href":"https:\/\/zonaroja.com.mx\/index.php?rest_route=\/wp\/v2\/media\/60763"}],"wp:attachment":[{"href":"https:\/\/zonaroja.com.mx\/index.php?rest_route=%2Fwp%2Fv2%2Fmedia&parent=60775"}],"wp:term":[{"taxonomy":"category","embeddable":true,"href":"https:\/\/zonaroja.com.mx\/index.php?rest_route=%2Fwp%2Fv2%2Fcategories&post=60775"},{"taxonomy":"post_tag","embeddable":true,"href":"https:\/\/zonaroja.com.mx\/index.php?rest_route=%2Fwp%2Fv2%2Ftags&post=60775"}],"curies":[{"name":"wp","href":"https:\/\/api.w.org\/{rel}","templated":true}]}}