{"id":60782,"date":"2023-10-09T09:30:00","date_gmt":"2023-10-09T14:30:00","guid":{"rendered":"http:\/\/www.zonaroja.com.mx\/?p=60782"},"modified":"2023-10-09T09:31:53","modified_gmt":"2023-10-09T14:31:53","slug":"denuncian-ataques-y-bloqueos-entre-comunidades-en-la-sierra-sur","status":"publish","type":"post","link":"https:\/\/zonaroja.com.mx\/?p=60782","title":{"rendered":"Denuncian ataques y bloqueos entre comunidades en la Sierra Sur"},"content":{"rendered":"\n<p>Ismael Garc\u00eda M.\/Zona Roja.<\/p>\n\n\n\n<p>Oaxaca de Ju\u00e1rez, Oax., a 9 de octubre de 2023.- La comunidad de San Jos\u00e9 Quianitas denunci\u00f3 ataques en contra de sus pobladores y bloqueo de caminos, por parte de la cabecera municipal Santa Mar\u00eda Quiegolani.<\/p>\n\n\n\n<p>Estos hechos sucedieron este fin de semana, informaron las v\u00edctimas a trav\u00e9s de un comunicado, en que demandaron la intervenci\u00f3n del Poder Ejecutivo y del gobierno federal para poner fin a un a\u00f1ejo conflicto agrario.<\/p>\n\n\n\n<p>Recordaron que el 31 de diciembre del a\u00f1o pasado retuvieron y golpearon a 29 campesinos; \u201clamentablemente las autoridades atienden estos conflictos hasta que ocurre una tragedia\u201d.<\/p>\n\n\n\n<p>Narraron el pasado s\u00e1bado a las 11:00 horas, personas \u201cfuertemente armadas lideradas por la representaci\u00f3n de Bienes Comunales de Santa Mar\u00eda Quiegolani\u201d llegaron a bloquear el acceso a Quianitas, cavando zanjas con una retroexcavadora.<\/p>\n\n\n\n<p>El domingo rodearon la comunidad y atacaron a la poblaci\u00f3n, con saldo de un joven lesionado; adem\u00e1s, cortaron la energ\u00eda el\u00e9ctrica y se encuentran a\u00fan en estado de sitio.<\/p>\n\n\n\n<p>\u201cNo sabemos hasta cu\u00e1ndo dure este bloqueo, tampoco sabemos cu\u00e1nto dure el suministro de medicinas a nuestra casa de salud o la econom\u00eda que gira en torno a nuestras tiendas que venden los art\u00edculos de primera necesidad\u201d, se\u00f1alaron.<\/p>\n\n\n\n<p>El comunicado lo firman, entre otros, el agente de Polic\u00eda de San Jos\u00e9 Quianitas, Epitacio P\u00e9rez Mart\u00ednez, y el representante de Bienes Comunales, Eusebio Mart\u00ednez L\u00f3pez.<\/p>\n","protected":false},"excerpt":{"rendered":"<p>Ismael Garc\u00eda M.\/Zona Roja. Oaxaca de Ju\u00e1rez, Oax., a 9 de octubre de 2023.- La&hellip;<\/p>\n","protected":false},"author":2,"featured_media":60783,"comment_status":"closed","ping_status":"open","sticky":false,"template":"","format":"standard","meta":{"_lmt_disableupdate":"","_lmt_disable":"","_jetpack_memberships_contains_paid_content":false,"footnotes":""},"categories":[109,47],"tags":[1373],"class_list":["post-60782","post","type-post","status-publish","format-standard","has-post-thumbnail","hentry","category-minuto-a-minuto","category-zona-gris","tag-san-jose-quianitas"],"jetpack_featured_media_url":"https:\/\/zonaroja.com.mx\/wp-content\/uploads\/2023\/10\/Comunicado-San-Jose-Quianitas.jpg","jetpack_sharing_enabled":true,"_links":{"self":[{"href":"https:\/\/zonaroja.com.mx\/index.php?rest_route=\/wp\/v2\/posts\/60782","targetHints":{"allow":["GET"]}}],"collection":[{"href":"https:\/\/zonaroja.com.mx\/index.php?rest_route=\/wp\/v2\/posts"}],"about":[{"href":"https:\/\/zonaroja.com.mx\/index.php?rest_route=\/wp\/v2\/types\/post"}],"author":[{"embeddable":true,"href":"https:\/\/zonaroja.com.mx\/index.php?rest_route=\/wp\/v2\/users\/2"}],"replies":[{"embeddable":true,"href":"https:\/\/zonaroja.com.mx\/index.php?rest_route=%2Fwp%2Fv2%2Fcomments&post=60782"}],"version-history":[{"count":1,"href":"https:\/\/zonaroja.com.mx\/index.php?rest_route=\/wp\/v2\/posts\/60782\/revisions"}],"predecessor-version":[{"id":60784,"href":"https:\/\/zonaroja.com.mx\/index.php?rest_route=\/wp\/v2\/posts\/60782\/revisions\/60784"}],"wp:featuredmedia":[{"embeddable":true,"href":"https:\/\/zonaroja.com.mx\/index.php?rest_route=\/wp\/v2\/media\/60783"}],"wp:attachment":[{"href":"https:\/\/zonaroja.com.mx\/index.php?rest_route=%2Fwp%2Fv2%2Fmedia&parent=60782"}],"wp:term":[{"taxonomy":"category","embeddable":true,"href":"https:\/\/zonaroja.com.mx\/index.php?rest_route=%2Fwp%2Fv2%2Fcategories&post=60782"},{"taxonomy":"post_tag","embeddable":true,"href":"https:\/\/zonaroja.com.mx\/index.php?rest_route=%2Fwp%2Fv2%2Ftags&post=60782"}],"curies":[{"name":"wp","href":"https:\/\/api.w.org\/{rel}","templated":true}]}}